{"id":19320,"date":"2022-12-26T11:58:00","date_gmt":"2022-12-26T10:58:00","guid":{"rendered":"https:\/\/cc-qrga.fr\/?p=19320"},"modified":"2023-01-10T12:06:44","modified_gmt":"2023-01-10T11:06:44","slug":"severine","status":"publish","type":"post","link":"https:\/\/cc-qrga.fr\/en\/severine\/","title":{"rendered":"[S\u00e9verine]"},"content":{"rendered":"<p>S\u00e9verine welcomes you to her beauty salon <a href=\"https:\/\/www.facebook.com\/profile.php?id=100086035867532&amp;__cft__[0]=AZUyuqsTJkG7tirOs8ffCt_Tri6pw1eew8JHjm7a-4wN9bZbcl8sPjVkguNOLMesDYx8lYufPBWIKi4QenjxWCC44RbSb7yOFskxOVzkJRv8_BrsuxshCJkP9n2wYeL5tdcFcvSBdqrqvaV-jXfncLSDLzxMf0RJmFNJqyopO6haCoxv8vICk_2iVSsZztHkPJo&amp;__tn__=-]K-R\">ma maison du bien-\u00eatre<\/a> to Parisot! <img decoding=\"async\" src=\"https:\/\/static.xx.fbcdn.net\/images\/emoji.php\/v9\/tf8\/1\/16\/1f486_200d_2640.png\" alt=\"\ud83d\udc86\u200d\u2640\ufe0f\" width=\"16\" height=\"16\"><\/p>\n\n\n\n<p>It offers the following services:<\/p>\n\n\n\n<ul class=\"wp-block-list\">\n<li>Facial and body treatments,<\/li>\n\n\n\n<li>Scrubbing,<\/li>\n\n\n\n<li>Hair removal,<\/li>\n\n\n\n<li>Make-up,<\/li>\n\n\n\n<li>Jacuzzi.<\/li>\n<\/ul>\n\n\n\n<p>For a complete service, you can call on other professionals at the Institut on the same day! (beautician, sports coach, yoga classes, etc.) <img decoding=\"async\" alt=\"\ud83d\ude0d\" src=\"https:\/\/static.xx.fbcdn.net\/images\/emoji.php\/v9\/t2\/1\/16\/1f60d.png\" width=\"16\" height=\"16\"><\/p>\n\n\n\n<p>Duo offers available (couples\/friends\/mother-daughter) <img decoding=\"async\" alt=\"\ud83d\udc6b\" src=\"https:\/\/static.xx.fbcdn.net\/images\/emoji.php\/v9\/t38\/1\/16\/1f46b.png\" width=\"16\" height=\"16\"><\/p>\n\n\n\n<p>Open by appointment on 06 87 72 20 76 or 05 63 20 01 64 <img loading=\"lazy\" decoding=\"async\" alt=\"\u260e\ufe0f\" src=\"https:\/\/static.xx.fbcdn.net\/images\/emoji.php\/v9\/t22\/1\/16\/260e.png\" width=\"16\" height=\"16\"><\/p>\n\n\n\n<figure class=\"wp-block-gallery has-nested-images columns-default is-cropped wp-block-gallery-1 is-layout-flex wp-block-gallery-is-layout-flex\">\n<figure class=\"wp-block-image size-large\"><img loading=\"lazy\" decoding=\"async\" width=\"1024\" height=\"768\" data-id=\"19322\" src=\"https:\/\/cc-qrga.fr\/wp-content\/uploads\/2023\/01\/photo3-7-1024x768.jpg\" alt=\"\" class=\"wp-image-19322\" srcset=\"https:\/\/cc-qrga.fr\/wp-content\/uploads\/2023\/01\/photo3-7-1024x768.jpg 1024w, https:\/\/cc-qrga.fr\/wp-content\/uploads\/2023\/01\/photo3-7-300x225.jpg 300w, https:\/\/cc-qrga.fr\/wp-content\/uploads\/2023\/01\/photo3-7-768x576.jpg 768w, https:\/\/cc-qrga.fr\/wp-content\/uploads\/2023\/01\/photo3-7-1536x1152.jpg 1536w, https:\/\/cc-qrga.fr\/wp-content\/uploads\/2023\/01\/photo3-7-2048x1536.jpg 2048w\" sizes=\"(max-width: 1024px) 100vw, 1024px\" \/><\/figure>\n<\/figure>","protected":false},"excerpt":{"rendered":"<p>S\u00e9verine welcomes you to her ma maison du bien-\u00eatre beauty salon in Parisot! She offers the following services: For a complete service, you can call on other professionals at the Institute on the same day! (beautician, sports coach, yoga classes, etc.) Duo offers are also available.<\/p>","protected":false},"author":18,"featured_media":19324,"comment_status":"closed","ping_status":"closed","sticky":false,"template":"","format":"standard","meta":{"footnotes":""},"categories":[71,68],"tags":[123,125,122,73,124],"class_list":["post-19320","post","type-post","status-publish","format-standard","has-post-thumbnail","hentry","category-parisot","category-portrait-commercant","tag-estheticienne","tag-jacuzzi-parisot","tag-ma-maison-du-bien-etre","tag-parisot","tag-severine"],"yoast_head":"<!-- This site is optimized with the Yoast SEO plugin v27.4 - https:\/\/yoast.com\/product\/yoast-seo-wordpress\/ -->\n<title>[S\u00e9verine] - Communaut\u00e9 de communes du Quercy Rouergue et des Gorges de l&#039;Aveyron<\/title>\n<meta name=\"robots\" content=\"index, follow, max-snippet:-1, max-image-preview:large, max-video-preview:-1\" \/>\n<link rel=\"canonical\" href=\"https:\/\/cc-qrga.fr\/en\/severine\/\" \/>\n<meta property=\"og:locale\" content=\"en_GB\" \/>\n<meta property=\"og:type\" content=\"article\" \/>\n<meta property=\"og:title\" content=\"[S\u00e9verine] - Communaut\u00e9 de communes du Quercy Rouergue et des Gorges de l&#039;Aveyron\" \/>\n<meta property=\"og:description\" content=\"S\u00e9verine vous accueille dans son Institut de beaut\u00e9 ma maison du bien-\u00eatre \u00e0 Parisot ! Elle vous propose les prestations suivantes : Pour une prestation compl\u00e8te, vous avez la possibilit\u00e9 de faire appel \u00e0 d&rsquo;autres professionnels le m\u00eame jour au sein de l&rsquo;Institut ! (esth\u00e9ticienne, coach sportif, cours de yoga&#8230;) Des offres en duo sont [&hellip;]\" \/>\n<meta property=\"og:url\" content=\"https:\/\/cc-qrga.fr\/en\/severine\/\" \/>\n<meta property=\"og:site_name\" content=\"Communaut\u00e9 de communes du Quercy Rouergue et des Gorges de l&#039;Aveyron\" \/>\n<meta property=\"article:published_time\" content=\"2022-12-26T10:58:00+00:00\" \/>\n<meta property=\"article:modified_time\" content=\"2023-01-10T11:06:44+00:00\" \/>\n<meta property=\"og:image\" content=\"https:\/\/cc-qrga.fr\/wp-content\/uploads\/2020\/12\/photo4-scaled.jpg\" \/>\n\t<meta property=\"og:image:width\" content=\"1920\" \/>\n\t<meta property=\"og:image:height\" content=\"2560\" \/>\n\t<meta property=\"og:image:type\" content=\"image\/jpeg\" \/>\n<meta name=\"author\" content=\"AmbreR\" \/>\n<meta name=\"twitter:card\" content=\"summary_large_image\" \/>\n<meta name=\"twitter:label1\" content=\"Written by\" \/>\n\t<meta name=\"twitter:data1\" content=\"AmbreR\" \/>\n\t<meta name=\"twitter:label2\" content=\"Estimated reading time\" \/>\n\t<meta name=\"twitter:data2\" content=\"2 minutes\" \/>\n<script type=\"application\/ld+json\" class=\"yoast-schema-graph\">{\"@context\":\"https:\\\/\\\/schema.org\",\"@graph\":[{\"@type\":\"Article\",\"@id\":\"https:\\\/\\\/cc-qrga.fr\\\/severine\\\/#article\",\"isPartOf\":{\"@id\":\"https:\\\/\\\/cc-qrga.fr\\\/severine\\\/\"},\"author\":{\"name\":\"AmbreR\",\"@id\":\"https:\\\/\\\/cc-qrga.fr\\\/#\\\/schema\\\/person\\\/b0e22bcd3af3c03195b8c19300c63c83\"},\"headline\":\"[S\u00e9verine]\",\"datePublished\":\"2022-12-26T10:58:00+00:00\",\"dateModified\":\"2023-01-10T11:06:44+00:00\",\"mainEntityOfPage\":{\"@id\":\"https:\\\/\\\/cc-qrga.fr\\\/severine\\\/\"},\"wordCount\":79,\"image\":{\"@id\":\"https:\\\/\\\/cc-qrga.fr\\\/severine\\\/#primaryimage\"},\"thumbnailUrl\":\"https:\\\/\\\/cc-qrga.fr\\\/wp-content\\\/uploads\\\/2020\\\/12\\\/photo4-scaled.jpg\",\"keywords\":[\"esth\u00e9ticienne\",\"Jacuzzi Parisot\",\"Ma maison du bien-\u00eatre\",\"Parisot\",\"S\u00e9verine\"],\"articleSection\":[\"Parisot\",\"Portrait commercant\"],\"inLanguage\":\"en-GB\"},{\"@type\":\"WebPage\",\"@id\":\"https:\\\/\\\/cc-qrga.fr\\\/severine\\\/\",\"url\":\"https:\\\/\\\/cc-qrga.fr\\\/severine\\\/\",\"name\":\"[S\u00e9verine] - Communaut\u00e9 de communes du Quercy Rouergue et des Gorges de l&#039;Aveyron\",\"isPartOf\":{\"@id\":\"https:\\\/\\\/cc-qrga.fr\\\/#website\"},\"primaryImageOfPage\":{\"@id\":\"https:\\\/\\\/cc-qrga.fr\\\/severine\\\/#primaryimage\"},\"image\":{\"@id\":\"https:\\\/\\\/cc-qrga.fr\\\/severine\\\/#primaryimage\"},\"thumbnailUrl\":\"https:\\\/\\\/cc-qrga.fr\\\/wp-content\\\/uploads\\\/2020\\\/12\\\/photo4-scaled.jpg\",\"datePublished\":\"2022-12-26T10:58:00+00:00\",\"dateModified\":\"2023-01-10T11:06:44+00:00\",\"author\":{\"@id\":\"https:\\\/\\\/cc-qrga.fr\\\/#\\\/schema\\\/person\\\/b0e22bcd3af3c03195b8c19300c63c83\"},\"breadcrumb\":{\"@id\":\"https:\\\/\\\/cc-qrga.fr\\\/severine\\\/#breadcrumb\"},\"inLanguage\":\"en-GB\",\"potentialAction\":[{\"@type\":\"ReadAction\",\"target\":[\"https:\\\/\\\/cc-qrga.fr\\\/severine\\\/\"]}]},{\"@type\":\"ImageObject\",\"inLanguage\":\"en-GB\",\"@id\":\"https:\\\/\\\/cc-qrga.fr\\\/severine\\\/#primaryimage\",\"url\":\"https:\\\/\\\/cc-qrga.fr\\\/wp-content\\\/uploads\\\/2020\\\/12\\\/photo4-scaled.jpg\",\"contentUrl\":\"https:\\\/\\\/cc-qrga.fr\\\/wp-content\\\/uploads\\\/2020\\\/12\\\/photo4-scaled.jpg\",\"width\":1920,\"height\":2560},{\"@type\":\"BreadcrumbList\",\"@id\":\"https:\\\/\\\/cc-qrga.fr\\\/severine\\\/#breadcrumb\",\"itemListElement\":[{\"@type\":\"ListItem\",\"position\":1,\"name\":\"Accueil\",\"item\":\"https:\\\/\\\/cc-qrga.fr\\\/\"},{\"@type\":\"ListItem\",\"position\":2,\"name\":\"[S\u00e9verine]\"}]},{\"@type\":\"WebSite\",\"@id\":\"https:\\\/\\\/cc-qrga.fr\\\/#website\",\"url\":\"https:\\\/\\\/cc-qrga.fr\\\/\",\"name\":\"Communaut\u00e9 de communes du Quercy Rouergue et des Gorges de l&#039;Aveyron\",\"description\":\"qrga\",\"potentialAction\":[{\"@type\":\"SearchAction\",\"target\":{\"@type\":\"EntryPoint\",\"urlTemplate\":\"https:\\\/\\\/cc-qrga.fr\\\/?s={search_term_string}\"},\"query-input\":{\"@type\":\"PropertyValueSpecification\",\"valueRequired\":true,\"valueName\":\"search_term_string\"}}],\"inLanguage\":\"en-GB\"},{\"@type\":\"Person\",\"@id\":\"https:\\\/\\\/cc-qrga.fr\\\/#\\\/schema\\\/person\\\/b0e22bcd3af3c03195b8c19300c63c83\",\"name\":\"AmbreR\",\"image\":{\"@type\":\"ImageObject\",\"inLanguage\":\"en-GB\",\"@id\":\"https:\\\/\\\/secure.gravatar.com\\\/avatar\\\/a608f1f3bf9830730e4f923d7f6776c55eeeb7933c69f3140a36703e6230ac66?s=96&d=mm&r=g\",\"url\":\"https:\\\/\\\/secure.gravatar.com\\\/avatar\\\/a608f1f3bf9830730e4f923d7f6776c55eeeb7933c69f3140a36703e6230ac66?s=96&d=mm&r=g\",\"contentUrl\":\"https:\\\/\\\/secure.gravatar.com\\\/avatar\\\/a608f1f3bf9830730e4f923d7f6776c55eeeb7933c69f3140a36703e6230ac66?s=96&d=mm&r=g\",\"caption\":\"AmbreR\"},\"url\":\"https:\\\/\\\/cc-qrga.fr\\\/en\\\/author\\\/ambrer\\\/\"}]}<\/script>\n<!-- \/ Yoast SEO plugin. -->","yoast_head_json":{"title":"[S\u00e9verine] - Communaut\u00e9 de communes du Quercy Rouergue et des Gorges de l&#039;Aveyron","robots":{"index":"index","follow":"follow","max-snippet":"max-snippet:-1","max-image-preview":"max-image-preview:large","max-video-preview":"max-video-preview:-1"},"canonical":"https:\/\/cc-qrga.fr\/en\/severine\/","og_locale":"en_GB","og_type":"article","og_title":"[S\u00e9verine] - Communaut\u00e9 de communes du Quercy Rouergue et des Gorges de l&#039;Aveyron","og_description":"S\u00e9verine vous accueille dans son Institut de beaut\u00e9 ma maison du bien-\u00eatre \u00e0 Parisot ! Elle vous propose les prestations suivantes : Pour une prestation compl\u00e8te, vous avez la possibilit\u00e9 de faire appel \u00e0 d&rsquo;autres professionnels le m\u00eame jour au sein de l&rsquo;Institut ! (esth\u00e9ticienne, coach sportif, cours de yoga&#8230;) Des offres en duo sont [&hellip;]","og_url":"https:\/\/cc-qrga.fr\/en\/severine\/","og_site_name":"Communaut\u00e9 de communes du Quercy Rouergue et des Gorges de l&#039;Aveyron","article_published_time":"2022-12-26T10:58:00+00:00","article_modified_time":"2023-01-10T11:06:44+00:00","og_image":[{"width":1920,"height":2560,"url":"https:\/\/cc-qrga.fr\/wp-content\/uploads\/2020\/12\/photo4-scaled.jpg","type":"image\/jpeg"}],"author":"AmbreR","twitter_card":"summary_large_image","twitter_misc":{"Written by":"AmbreR","Estimated reading time":"2 minutes"},"schema":{"@context":"https:\/\/schema.org","@graph":[{"@type":"Article","@id":"https:\/\/cc-qrga.fr\/severine\/#article","isPartOf":{"@id":"https:\/\/cc-qrga.fr\/severine\/"},"author":{"name":"AmbreR","@id":"https:\/\/cc-qrga.fr\/#\/schema\/person\/b0e22bcd3af3c03195b8c19300c63c83"},"headline":"[S\u00e9verine]","datePublished":"2022-12-26T10:58:00+00:00","dateModified":"2023-01-10T11:06:44+00:00","mainEntityOfPage":{"@id":"https:\/\/cc-qrga.fr\/severine\/"},"wordCount":79,"image":{"@id":"https:\/\/cc-qrga.fr\/severine\/#primaryimage"},"thumbnailUrl":"https:\/\/cc-qrga.fr\/wp-content\/uploads\/2020\/12\/photo4-scaled.jpg","keywords":["esth\u00e9ticienne","Jacuzzi Parisot","Ma maison du bien-\u00eatre","Parisot","S\u00e9verine"],"articleSection":["Parisot","Portrait commercant"],"inLanguage":"en-GB"},{"@type":"WebPage","@id":"https:\/\/cc-qrga.fr\/severine\/","url":"https:\/\/cc-qrga.fr\/severine\/","name":"[S\u00e9verine] - Communaut\u00e9 de communes du Quercy Rouergue et des Gorges de l&#039;Aveyron","isPartOf":{"@id":"https:\/\/cc-qrga.fr\/#website"},"primaryImageOfPage":{"@id":"https:\/\/cc-qrga.fr\/severine\/#primaryimage"},"image":{"@id":"https:\/\/cc-qrga.fr\/severine\/#primaryimage"},"thumbnailUrl":"https:\/\/cc-qrga.fr\/wp-content\/uploads\/2020\/12\/photo4-scaled.jpg","datePublished":"2022-12-26T10:58:00+00:00","dateModified":"2023-01-10T11:06:44+00:00","author":{"@id":"https:\/\/cc-qrga.fr\/#\/schema\/person\/b0e22bcd3af3c03195b8c19300c63c83"},"breadcrumb":{"@id":"https:\/\/cc-qrga.fr\/severine\/#breadcrumb"},"inLanguage":"en-GB","potentialAction":[{"@type":"ReadAction","target":["https:\/\/cc-qrga.fr\/severine\/"]}]},{"@type":"ImageObject","inLanguage":"en-GB","@id":"https:\/\/cc-qrga.fr\/severine\/#primaryimage","url":"https:\/\/cc-qrga.fr\/wp-content\/uploads\/2020\/12\/photo4-scaled.jpg","contentUrl":"https:\/\/cc-qrga.fr\/wp-content\/uploads\/2020\/12\/photo4-scaled.jpg","width":1920,"height":2560},{"@type":"BreadcrumbList","@id":"https:\/\/cc-qrga.fr\/severine\/#breadcrumb","itemListElement":[{"@type":"ListItem","position":1,"name":"Accueil","item":"https:\/\/cc-qrga.fr\/"},{"@type":"ListItem","position":2,"name":"[S\u00e9verine]"}]},{"@type":"WebSite","@id":"https:\/\/cc-qrga.fr\/#website","url":"https:\/\/cc-qrga.fr\/","name":"Community of Municipalities of Quercy Rouergue and the Aveyron Gorges","description":"qrga","potentialAction":[{"@type":"SearchAction","target":{"@type":"EntryPoint","urlTemplate":"https:\/\/cc-qrga.fr\/?s={search_term_string}"},"query-input":{"@type":"PropertyValueSpecification","valueRequired":true,"valueName":"search_term_string"}}],"inLanguage":"en-GB"},{"@type":"Person","@id":"https:\/\/cc-qrga.fr\/#\/schema\/person\/b0e22bcd3af3c03195b8c19300c63c83","name":"AmbreR","image":{"@type":"ImageObject","inLanguage":"en-GB","@id":"https:\/\/secure.gravatar.com\/avatar\/a608f1f3bf9830730e4f923d7f6776c55eeeb7933c69f3140a36703e6230ac66?s=96&d=mm&r=g","url":"https:\/\/secure.gravatar.com\/avatar\/a608f1f3bf9830730e4f923d7f6776c55eeeb7933c69f3140a36703e6230ac66?s=96&d=mm&r=g","contentUrl":"https:\/\/secure.gravatar.com\/avatar\/a608f1f3bf9830730e4f923d7f6776c55eeeb7933c69f3140a36703e6230ac66?s=96&d=mm&r=g","caption":"AmbreR"},"url":"https:\/\/cc-qrga.fr\/en\/author\/ambrer\/"}]}},"views":3130,"_links":{"self":[{"href":"https:\/\/cc-qrga.fr\/en\/wp-json\/wp\/v2\/posts\/19320","targetHints":{"allow":["GET"]}}],"collection":[{"href":"https:\/\/cc-qrga.fr\/en\/wp-json\/wp\/v2\/posts"}],"about":[{"href":"https:\/\/cc-qrga.fr\/en\/wp-json\/wp\/v2\/types\/post"}],"author":[{"embeddable":true,"href":"https:\/\/cc-qrga.fr\/en\/wp-json\/wp\/v2\/users\/18"}],"replies":[{"embeddable":true,"href":"https:\/\/cc-qrga.fr\/en\/wp-json\/wp\/v2\/comments?post=19320"}],"version-history":[{"count":0,"href":"https:\/\/cc-qrga.fr\/en\/wp-json\/wp\/v2\/posts\/19320\/revisions"}],"wp:featuredmedia":[{"embeddable":true,"href":"https:\/\/cc-qrga.fr\/en\/wp-json\/wp\/v2\/media\/19324"}],"wp:attachment":[{"href":"https:\/\/cc-qrga.fr\/en\/wp-json\/wp\/v2\/media?parent=19320"}],"wp:term":[{"taxonomy":"category","embeddable":true,"href":"https:\/\/cc-qrga.fr\/en\/wp-json\/wp\/v2\/categories?post=19320"},{"taxonomy":"post_tag","embeddable":true,"href":"https:\/\/cc-qrga.fr\/en\/wp-json\/wp\/v2\/tags?post=19320"}],"curies":[{"name":"wp","href":"https:\/\/api.w.org\/{rel}","templated":true}]}}