{"id":22229,"date":"2023-10-18T16:04:13","date_gmt":"2023-10-18T14:04:13","guid":{"rendered":"https:\/\/cc-qrga.fr\/?p=22229"},"modified":"2024-07-08T14:50:11","modified_gmt":"2024-07-08T12:50:11","slug":"ordre-du-jour-du-conseil-communautaire-du-24-octobre-2023","status":"publish","type":"post","link":"https:\/\/cc-qrga.fr\/en\/ordre-du-jour-du-conseil-communautaire-du-24-octobre-2023\/","title":{"rendered":"Agenda of the Local Council meeting of 24 October 2023"},"content":{"rendered":"<p>The Conseil Communautaire meeting on Tuesday 24 October 2023 will be held at the Salle des Congr\u00e8s in St Antonin Noble Val at 6.00 pm.<\/p>\n\n\n\n<p>Agenda :<br>Appointment of the meeting secretary<br>6:00 - 6:30 pm: Presentation by Mr Zamuner (DDFIP82) of the local authority's accounting quality report.<\/p>\n\n\n\n<ol class=\"wp-block-list\">\n<li>Approval of the minutes of the Community Council meeting of 12\/09\/2023<\/li>\n\n\n\n<li>Report on decisions taken by the Chairman within the scope of his delegations.<\/li>\n\n\n\n<li>BUDGET<br>3.1. Approval of the accounting quality report presented by DDFIP82<br>3.2 Write-offs (General budget)<br>3.3 Write-offs (OTI budget)<br>3.4. Write-offs (WATER budget)<br>3.5. Write-offs (SANITATION budget)<\/li>\n\n\n\n<li>GROTTE DU BOSC<br>4.1. Amendment to the masonry works contract for the educational workshops<br>4.2 Renewal of the application for funding from the Department (FDSE)<\/li>\n\n\n\n<li>TIERS LIEU - Amendment to the works contract - VRD lot for the Fabrique (removal of the rainwater recovery tank)<\/li>\n\n\n\n<li>GEMAPI<br>6.1. Recognition of the EPAGE status of the joint association for the upstream Aveyron catchment area<br>6.2. CdC - Amendment to resolution no. 2023_2757 appointing representatives to various external commissions and bodies (Appointment of permanent and alternate delegates to the EPAGE Aveyron Aval)<\/li>\n\n\n\n<li>PETITES VILLES DEMAIN (PVD) - Amendment to the partnership agreement with the EPF Occitanie for the municipality of Caylus to take account of the ORT perimeter<\/li>\n\n\n\n<li>HOUSEHOLD WASTE - Exemption from the Tax for the Collection of Household Waste (Update of resolution no. 405\/2005 of 23 November 2005).<\/li>\n\n\n\n<li>DRINKING WATER<br>9.1. Amending decision (regularisation of invoices and write-offs)<br>9.2. Grant application for network renewal work at Majac in the Commune of Parisot<\/li>\n<\/ol>\n\n\n\n<p>9.3. Termination of the provision of three plots of land in St-Antonin-Noble-Val<\/p>\n\n\n\n<ol class=\"wp-block-list\" start=\"10\">\n<li>OTI - Amendment to resolution no. 2023-2740 dated 04\/07\/2023 concerning application to the P\u00f4le de Pleine Nature - Massif Central - Season 2 call for projects<\/li>\n\n\n\n<li>CHILDREN AND YOUTH - Change in ski trip prices<\/li>\n\n\n\n<li>PETR - Approval of a local health contract (CLS) for the Midi-Quercy region)<\/li>\n\n\n\n<li>HUMAN RESOURCES<br>13.1. WATER AND SANITATION SERVICE - change in employee working hours (Emeline to 35:00)<br>13.2 WATER SERVICE - Introduction of standby duty (Tony ABRAN and Ibrahim SNANI DOUCET)<br>13.3. SERVICE OTI - Creation of a project contract -cat A - Attach\u00e9 territorial (following a call for projects for the outdoor centre)<br>13.4. HR - hiring of temporary workers for the Bosc cave service (Amends resolution no. 2023_2713)<\/li>\n<\/ol>\n\n\n\n<p>OTHER BUSINESS<\/p>","protected":false},"excerpt":{"rendered":"<p>The Community Council meeting of Tuesday 24 October 2023 will be held at the Salle des Congr\u00e8s in St Antonin Noble Val at 6.00 pm. Agenda:Appointment of the meeting secretary18.00 - 18.30: Presentation by Mr Zamuner (DDFIP82) of the local authority's accounting quality report. 9.3 End of the meeting.<\/p>","protected":false},"author":8,"featured_media":22905,"comment_status":"closed","ping_status":"closed","sticky":false,"template":"","format":"standard","meta":{"footnotes":""},"categories":[14,176,54],"tags":[],"class_list":["post-22229","post","type-post","status-publish","format-standard","has-post-thumbnail","hentry","category-conseils-communautaires","category-deliberations-arretes-decisions","category-ordre-du-jour"],"yoast_head":"<!-- This site is optimized with the Yoast SEO plugin v27.5 - https:\/\/yoast.com\/product\/yoast-seo-wordpress\/ -->\n<title>Ordre du jour du Conseil Communautaire du 24 octobre 2023 - Communaut\u00e9 de communes du Quercy Rouergue et des Gorges de l&#039;Aveyron<\/title>\n<meta name=\"robots\" content=\"index, follow, max-snippet:-1, max-image-preview:large, max-video-preview:-1\" \/>\n<link rel=\"canonical\" href=\"https:\/\/cc-qrga.fr\/en\/ordre-du-jour-du-conseil-communautaire-du-24-octobre-2023\/\" \/>\n<meta property=\"og:locale\" content=\"en_GB\" \/>\n<meta property=\"og:type\" content=\"article\" \/>\n<meta property=\"og:title\" content=\"Ordre du jour du Conseil Communautaire du 24 octobre 2023 - Communaut\u00e9 de communes du Quercy Rouergue et des Gorges de l&#039;Aveyron\" \/>\n<meta property=\"og:description\" content=\"Le Conseil Communautaire du Mardi 24 octobre 2023 se tiendra \u00e0 la salle des Congr\u00e8s de St Antonin Noble Val, \u00e0 18h00. Ordre du jour\u00a0:D\u00e9signation du ou de la secr\u00e9taire de s\u00e9ance18h \u2013 18h30 : Pr\u00e9sentation par M. Zamuner (DDFIP82) du bilan de la qualit\u00e9 comptable de la collectivit\u00e9. 9.3. Fin de la mise \u00e0 [&hellip;]\" \/>\n<meta property=\"og:url\" content=\"https:\/\/cc-qrga.fr\/en\/ordre-du-jour-du-conseil-communautaire-du-24-octobre-2023\/\" \/>\n<meta property=\"og:site_name\" content=\"Communaut\u00e9 de communes du Quercy Rouergue et des Gorges de l&#039;Aveyron\" \/>\n<meta property=\"article:published_time\" content=\"2023-10-18T14:04:13+00:00\" \/>\n<meta property=\"article:modified_time\" content=\"2024-07-08T12:50:11+00:00\" \/>\n<meta property=\"og:image\" content=\"https:\/\/cc-qrga.fr\/wp-content\/uploads\/2024\/01\/Ordre-du-jour-1.jpg\" \/>\n\t<meta property=\"og:image:width\" content=\"1200\" \/>\n\t<meta property=\"og:image:height\" content=\"628\" \/>\n\t<meta property=\"og:image:type\" content=\"image\/jpeg\" \/>\n<meta name=\"author\" content=\"Fran\u00e7ois-Xavier BONVOISIN\" \/>\n<meta name=\"twitter:card\" content=\"summary_large_image\" \/>\n<meta name=\"twitter:label1\" content=\"Written by\" \/>\n\t<meta name=\"twitter:data1\" content=\"Fran\u00e7ois-Xavier BONVOISIN\" \/>\n\t<meta name=\"twitter:label2\" content=\"Estimated reading time\" \/>\n\t<meta name=\"twitter:data2\" content=\"3 minutes\" \/>\n<script type=\"application\/ld+json\" class=\"yoast-schema-graph\">{\"@context\":\"https:\\\/\\\/schema.org\",\"@graph\":[{\"@type\":\"Article\",\"@id\":\"https:\\\/\\\/cc-qrga.fr\\\/ordre-du-jour-du-conseil-communautaire-du-24-octobre-2023\\\/#article\",\"isPartOf\":{\"@id\":\"https:\\\/\\\/cc-qrga.fr\\\/ordre-du-jour-du-conseil-communautaire-du-24-octobre-2023\\\/\"},\"author\":{\"name\":\"Fran\u00e7ois-Xavier BONVOISIN\",\"@id\":\"https:\\\/\\\/cc-qrga.fr\\\/#\\\/schema\\\/person\\\/a396ad261e91b15d6455bffd6c3a0371\"},\"headline\":\"Ordre du jour du Conseil Communautaire du 24 octobre 2023\",\"datePublished\":\"2023-10-18T14:04:13+00:00\",\"dateModified\":\"2024-07-08T12:50:11+00:00\",\"mainEntityOfPage\":{\"@id\":\"https:\\\/\\\/cc-qrga.fr\\\/ordre-du-jour-du-conseil-communautaire-du-24-octobre-2023\\\/\"},\"wordCount\":447,\"image\":{\"@id\":\"https:\\\/\\\/cc-qrga.fr\\\/ordre-du-jour-du-conseil-communautaire-du-24-octobre-2023\\\/#primaryimage\"},\"thumbnailUrl\":\"https:\\\/\\\/cc-qrga.fr\\\/wp-content\\\/uploads\\\/2024\\\/01\\\/Ordre-du-jour-1.jpg\",\"articleSection\":[\"Conseils communautaires\",\"D\u00e9lib\u00e9rations, arr\u00eat\u00e9s &amp; d\u00e9cisions\",\"Ordre du jour\"],\"inLanguage\":\"en-GB\"},{\"@type\":\"WebPage\",\"@id\":\"https:\\\/\\\/cc-qrga.fr\\\/ordre-du-jour-du-conseil-communautaire-du-24-octobre-2023\\\/\",\"url\":\"https:\\\/\\\/cc-qrga.fr\\\/ordre-du-jour-du-conseil-communautaire-du-24-octobre-2023\\\/\",\"name\":\"Ordre du jour du Conseil Communautaire du 24 octobre 2023 - Communaut\u00e9 de communes du Quercy Rouergue et des Gorges de l&#039;Aveyron\",\"isPartOf\":{\"@id\":\"https:\\\/\\\/cc-qrga.fr\\\/#website\"},\"primaryImageOfPage\":{\"@id\":\"https:\\\/\\\/cc-qrga.fr\\\/ordre-du-jour-du-conseil-communautaire-du-24-octobre-2023\\\/#primaryimage\"},\"image\":{\"@id\":\"https:\\\/\\\/cc-qrga.fr\\\/ordre-du-jour-du-conseil-communautaire-du-24-octobre-2023\\\/#primaryimage\"},\"thumbnailUrl\":\"https:\\\/\\\/cc-qrga.fr\\\/wp-content\\\/uploads\\\/2024\\\/01\\\/Ordre-du-jour-1.jpg\",\"datePublished\":\"2023-10-18T14:04:13+00:00\",\"dateModified\":\"2024-07-08T12:50:11+00:00\",\"author\":{\"@id\":\"https:\\\/\\\/cc-qrga.fr\\\/#\\\/schema\\\/person\\\/a396ad261e91b15d6455bffd6c3a0371\"},\"breadcrumb\":{\"@id\":\"https:\\\/\\\/cc-qrga.fr\\\/ordre-du-jour-du-conseil-communautaire-du-24-octobre-2023\\\/#breadcrumb\"},\"inLanguage\":\"en-GB\",\"potentialAction\":[{\"@type\":\"ReadAction\",\"target\":[\"https:\\\/\\\/cc-qrga.fr\\\/ordre-du-jour-du-conseil-communautaire-du-24-octobre-2023\\\/\"]}]},{\"@type\":\"ImageObject\",\"inLanguage\":\"en-GB\",\"@id\":\"https:\\\/\\\/cc-qrga.fr\\\/ordre-du-jour-du-conseil-communautaire-du-24-octobre-2023\\\/#primaryimage\",\"url\":\"https:\\\/\\\/cc-qrga.fr\\\/wp-content\\\/uploads\\\/2024\\\/01\\\/Ordre-du-jour-1.jpg\",\"contentUrl\":\"https:\\\/\\\/cc-qrga.fr\\\/wp-content\\\/uploads\\\/2024\\\/01\\\/Ordre-du-jour-1.jpg\",\"width\":1200,\"height\":628},{\"@type\":\"BreadcrumbList\",\"@id\":\"https:\\\/\\\/cc-qrga.fr\\\/ordre-du-jour-du-conseil-communautaire-du-24-octobre-2023\\\/#breadcrumb\",\"itemListElement\":[{\"@type\":\"ListItem\",\"position\":1,\"name\":\"Accueil\",\"item\":\"https:\\\/\\\/cc-qrga.fr\\\/\"},{\"@type\":\"ListItem\",\"position\":2,\"name\":\"Ordre du jour du Conseil Communautaire du 24 octobre 2023\"}]},{\"@type\":\"WebSite\",\"@id\":\"https:\\\/\\\/cc-qrga.fr\\\/#website\",\"url\":\"https:\\\/\\\/cc-qrga.fr\\\/\",\"name\":\"Communaut\u00e9 de communes du Quercy Rouergue et des Gorges de l&#039;Aveyron\",\"description\":\"qrga\",\"potentialAction\":[{\"@type\":\"SearchAction\",\"target\":{\"@type\":\"EntryPoint\",\"urlTemplate\":\"https:\\\/\\\/cc-qrga.fr\\\/?s={search_term_string}\"},\"query-input\":{\"@type\":\"PropertyValueSpecification\",\"valueRequired\":true,\"valueName\":\"search_term_string\"}}],\"inLanguage\":\"en-GB\"},{\"@type\":\"Person\",\"@id\":\"https:\\\/\\\/cc-qrga.fr\\\/#\\\/schema\\\/person\\\/a396ad261e91b15d6455bffd6c3a0371\",\"name\":\"Fran\u00e7ois-Xavier BONVOISIN\",\"image\":{\"@type\":\"ImageObject\",\"inLanguage\":\"en-GB\",\"@id\":\"https:\\\/\\\/secure.gravatar.com\\\/avatar\\\/5abc0de933258130898e1a26b040bf30fb0d27a515ff3be1264df4ac4b28a285?s=96&d=mm&r=g\",\"url\":\"https:\\\/\\\/secure.gravatar.com\\\/avatar\\\/5abc0de933258130898e1a26b040bf30fb0d27a515ff3be1264df4ac4b28a285?s=96&d=mm&r=g\",\"contentUrl\":\"https:\\\/\\\/secure.gravatar.com\\\/avatar\\\/5abc0de933258130898e1a26b040bf30fb0d27a515ff3be1264df4ac4b28a285?s=96&d=mm&r=g\",\"caption\":\"Fran\u00e7ois-Xavier BONVOISIN\"},\"url\":\"https:\\\/\\\/cc-qrga.fr\\\/en\\\/author\\\/bonvoisin\\\/\"}]}<\/script>\n<!-- \/ Yoast SEO plugin. -->","yoast_head_json":{"title":"Ordre du jour du Conseil Communautaire du 24 octobre 2023 - Communaut\u00e9 de communes du Quercy Rouergue et des Gorges de l&#039;Aveyron","robots":{"index":"index","follow":"follow","max-snippet":"max-snippet:-1","max-image-preview":"max-image-preview:large","max-video-preview":"max-video-preview:-1"},"canonical":"https:\/\/cc-qrga.fr\/en\/ordre-du-jour-du-conseil-communautaire-du-24-octobre-2023\/","og_locale":"en_GB","og_type":"article","og_title":"Ordre du jour du Conseil Communautaire du 24 octobre 2023 - Communaut\u00e9 de communes du Quercy Rouergue et des Gorges de l&#039;Aveyron","og_description":"Le Conseil Communautaire du Mardi 24 octobre 2023 se tiendra \u00e0 la salle des Congr\u00e8s de St Antonin Noble Val, \u00e0 18h00. Ordre du jour\u00a0:D\u00e9signation du ou de la secr\u00e9taire de s\u00e9ance18h \u2013 18h30 : Pr\u00e9sentation par M. Zamuner (DDFIP82) du bilan de la qualit\u00e9 comptable de la collectivit\u00e9. 9.3. Fin de la mise \u00e0 [&hellip;]","og_url":"https:\/\/cc-qrga.fr\/en\/ordre-du-jour-du-conseil-communautaire-du-24-octobre-2023\/","og_site_name":"Communaut\u00e9 de communes du Quercy Rouergue et des Gorges de l&#039;Aveyron","article_published_time":"2023-10-18T14:04:13+00:00","article_modified_time":"2024-07-08T12:50:11+00:00","og_image":[{"width":1200,"height":628,"url":"https:\/\/cc-qrga.fr\/wp-content\/uploads\/2024\/01\/Ordre-du-jour-1.jpg","type":"image\/jpeg"}],"author":"Fran\u00e7ois-Xavier BONVOISIN","twitter_card":"summary_large_image","twitter_misc":{"Written by":"Fran\u00e7ois-Xavier BONVOISIN","Estimated reading time":"3 minutes"},"schema":{"@context":"https:\/\/schema.org","@graph":[{"@type":"Article","@id":"https:\/\/cc-qrga.fr\/ordre-du-jour-du-conseil-communautaire-du-24-octobre-2023\/#article","isPartOf":{"@id":"https:\/\/cc-qrga.fr\/ordre-du-jour-du-conseil-communautaire-du-24-octobre-2023\/"},"author":{"name":"Fran\u00e7ois-Xavier BONVOISIN","@id":"https:\/\/cc-qrga.fr\/#\/schema\/person\/a396ad261e91b15d6455bffd6c3a0371"},"headline":"Ordre du jour du Conseil Communautaire du 24 octobre 2023","datePublished":"2023-10-18T14:04:13+00:00","dateModified":"2024-07-08T12:50:11+00:00","mainEntityOfPage":{"@id":"https:\/\/cc-qrga.fr\/ordre-du-jour-du-conseil-communautaire-du-24-octobre-2023\/"},"wordCount":447,"image":{"@id":"https:\/\/cc-qrga.fr\/ordre-du-jour-du-conseil-communautaire-du-24-octobre-2023\/#primaryimage"},"thumbnailUrl":"https:\/\/cc-qrga.fr\/wp-content\/uploads\/2024\/01\/Ordre-du-jour-1.jpg","articleSection":["Conseils communautaires","D\u00e9lib\u00e9rations, arr\u00eat\u00e9s &amp; d\u00e9cisions","Ordre du jour"],"inLanguage":"en-GB"},{"@type":"WebPage","@id":"https:\/\/cc-qrga.fr\/ordre-du-jour-du-conseil-communautaire-du-24-octobre-2023\/","url":"https:\/\/cc-qrga.fr\/ordre-du-jour-du-conseil-communautaire-du-24-octobre-2023\/","name":"Ordre du jour du Conseil Communautaire du 24 octobre 2023 - Communaut\u00e9 de communes du Quercy Rouergue et des Gorges de l&#039;Aveyron","isPartOf":{"@id":"https:\/\/cc-qrga.fr\/#website"},"primaryImageOfPage":{"@id":"https:\/\/cc-qrga.fr\/ordre-du-jour-du-conseil-communautaire-du-24-octobre-2023\/#primaryimage"},"image":{"@id":"https:\/\/cc-qrga.fr\/ordre-du-jour-du-conseil-communautaire-du-24-octobre-2023\/#primaryimage"},"thumbnailUrl":"https:\/\/cc-qrga.fr\/wp-content\/uploads\/2024\/01\/Ordre-du-jour-1.jpg","datePublished":"2023-10-18T14:04:13+00:00","dateModified":"2024-07-08T12:50:11+00:00","author":{"@id":"https:\/\/cc-qrga.fr\/#\/schema\/person\/a396ad261e91b15d6455bffd6c3a0371"},"breadcrumb":{"@id":"https:\/\/cc-qrga.fr\/ordre-du-jour-du-conseil-communautaire-du-24-octobre-2023\/#breadcrumb"},"inLanguage":"en-GB","potentialAction":[{"@type":"ReadAction","target":["https:\/\/cc-qrga.fr\/ordre-du-jour-du-conseil-communautaire-du-24-octobre-2023\/"]}]},{"@type":"ImageObject","inLanguage":"en-GB","@id":"https:\/\/cc-qrga.fr\/ordre-du-jour-du-conseil-communautaire-du-24-octobre-2023\/#primaryimage","url":"https:\/\/cc-qrga.fr\/wp-content\/uploads\/2024\/01\/Ordre-du-jour-1.jpg","contentUrl":"https:\/\/cc-qrga.fr\/wp-content\/uploads\/2024\/01\/Ordre-du-jour-1.jpg","width":1200,"height":628},{"@type":"BreadcrumbList","@id":"https:\/\/cc-qrga.fr\/ordre-du-jour-du-conseil-communautaire-du-24-octobre-2023\/#breadcrumb","itemListElement":[{"@type":"ListItem","position":1,"name":"Accueil","item":"https:\/\/cc-qrga.fr\/"},{"@type":"ListItem","position":2,"name":"Ordre du jour du Conseil Communautaire du 24 octobre 2023"}]},{"@type":"WebSite","@id":"https:\/\/cc-qrga.fr\/#website","url":"https:\/\/cc-qrga.fr\/","name":"Community of Municipalities of Quercy Rouergue and the Aveyron Gorges","description":"qrga","potentialAction":[{"@type":"SearchAction","target":{"@type":"EntryPoint","urlTemplate":"https:\/\/cc-qrga.fr\/?s={search_term_string}"},"query-input":{"@type":"PropertyValueSpecification","valueRequired":true,"valueName":"search_term_string"}}],"inLanguage":"en-GB"},{"@type":"Person","@id":"https:\/\/cc-qrga.fr\/#\/schema\/person\/a396ad261e91b15d6455bffd6c3a0371","name":"Fran\u00e7ois-Xavier BONVOISIN","image":{"@type":"ImageObject","inLanguage":"en-GB","@id":"https:\/\/secure.gravatar.com\/avatar\/5abc0de933258130898e1a26b040bf30fb0d27a515ff3be1264df4ac4b28a285?s=96&d=mm&r=g","url":"https:\/\/secure.gravatar.com\/avatar\/5abc0de933258130898e1a26b040bf30fb0d27a515ff3be1264df4ac4b28a285?s=96&d=mm&r=g","contentUrl":"https:\/\/secure.gravatar.com\/avatar\/5abc0de933258130898e1a26b040bf30fb0d27a515ff3be1264df4ac4b28a285?s=96&d=mm&r=g","caption":"Fran\u00e7ois-Xavier BONVOISIN"},"url":"https:\/\/cc-qrga.fr\/en\/author\/bonvoisin\/"}]}},"views":4441,"_links":{"self":[{"href":"https:\/\/cc-qrga.fr\/en\/wp-json\/wp\/v2\/posts\/22229","targetHints":{"allow":["GET"]}}],"collection":[{"href":"https:\/\/cc-qrga.fr\/en\/wp-json\/wp\/v2\/posts"}],"about":[{"href":"https:\/\/cc-qrga.fr\/en\/wp-json\/wp\/v2\/types\/post"}],"author":[{"embeddable":true,"href":"https:\/\/cc-qrga.fr\/en\/wp-json\/wp\/v2\/users\/8"}],"replies":[{"embeddable":true,"href":"https:\/\/cc-qrga.fr\/en\/wp-json\/wp\/v2\/comments?post=22229"}],"version-history":[{"count":0,"href":"https:\/\/cc-qrga.fr\/en\/wp-json\/wp\/v2\/posts\/22229\/revisions"}],"wp:featuredmedia":[{"embeddable":true,"href":"https:\/\/cc-qrga.fr\/en\/wp-json\/wp\/v2\/media\/22905"}],"wp:attachment":[{"href":"https:\/\/cc-qrga.fr\/en\/wp-json\/wp\/v2\/media?parent=22229"}],"wp:term":[{"taxonomy":"category","embeddable":true,"href":"https:\/\/cc-qrga.fr\/en\/wp-json\/wp\/v2\/categories?post=22229"},{"taxonomy":"post_tag","embeddable":true,"href":"https:\/\/cc-qrga.fr\/en\/wp-json\/wp\/v2\/tags?post=22229"}],"curies":[{"name":"wp","href":"https:\/\/api.w.org\/{rel}","templated":true}]}}