{"id":30851,"date":"2026-01-29T14:10:54","date_gmt":"2026-01-29T13:10:54","guid":{"rendered":"https:\/\/cc-qrga.fr\/?p=30851"},"modified":"2026-01-29T14:12:54","modified_gmt":"2026-01-29T13:12:54","slug":"modification-plui-qrga-4","status":"publish","type":"post","link":"https:\/\/cc-qrga.fr\/en\/modification-plui-qrga-4\/","title":{"rendered":"Concertation pr\u00e9alable \u00e0 la modification n\u00b04 du PLUi"},"content":{"rendered":"<div data-elementor-type=\"wp-post\" data-elementor-id=\"30851\" class=\"elementor elementor-30851\" data-elementor-post-type=\"post\">\n\t\t\t\t<div class=\"has_eae_slider elementor-element elementor-element-e8981d5 e-flex e-con-boxed e-con e-parent\" data-eae-slider=\"62064\" data-id=\"e8981d5\" data-element_type=\"container\" data-e-type=\"container\">\n\t\t\t\t\t<div class=\"e-con-inner\">\n\t\t\t\t<div class=\"elementor-element elementor-element-a38ef3c elementor-widget elementor-widget-image\" data-id=\"a38ef3c\" data-element_type=\"widget\" data-e-type=\"widget\" data-widget_type=\"image.default\">\n\t\t\t\t<div class=\"elementor-widget-container\">\n\t\t\t\t\t\t\t\t\t\t\t\t\t\t\t<img fetchpriority=\"high\" decoding=\"async\" width=\"300\" height=\"265\" src=\"https:\/\/cc-qrga.fr\/wp-content\/uploads\/2025\/12\/Logo-PLUi-300x265.png\" class=\"attachment-medium size-medium wp-image-30468\" alt=\"\" srcset=\"https:\/\/cc-qrga.fr\/wp-content\/uploads\/2025\/12\/Logo-PLUi-300x265.png 300w, https:\/\/cc-qrga.fr\/wp-content\/uploads\/2025\/12\/Logo-PLUi-14x12.png 14w, https:\/\/cc-qrga.fr\/wp-content\/uploads\/2025\/12\/Logo-PLUi.png 631w\" sizes=\"(max-width: 300px) 100vw, 300px\" \/>\t\t\t\t\t\t\t\t\t\t\t\t\t\t\t<\/div>\n\t\t\t\t<\/div>\n\t\t\t\t<div class=\"elementor-element elementor-element-62c6dd5 elementor-widget elementor-widget-heading\" data-id=\"62c6dd5\" data-element_type=\"widget\" data-e-type=\"widget\" data-widget_type=\"heading.default\">\n\t\t\t\t<div class=\"elementor-widget-container\">\n\t\t\t\t\t<h2 class=\"elementor-heading-title elementor-size-default\">Concertation pr\u00e9alable \u00e0 la modification n\u00b04 du Plan Local d'Urbanisme Intercommunal<\/h2>\t\t\t\t<\/div>\n\t\t\t\t<\/div>\n\t\t\t\t\t<\/div>\n\t\t\t\t<\/div>\n\t\t<div class=\"has_eae_slider elementor-element elementor-element-f79efc6 e-flex e-con-boxed e-con e-parent\" data-eae-slider=\"67220\" data-id=\"f79efc6\" data-element_type=\"container\" data-e-type=\"container\" data-settings=\"{&quot;background_background&quot;:&quot;classic&quot;}\">\n\t\t\t\t\t<div class=\"e-con-inner\">\n\t\t\t\t<div class=\"elementor-element elementor-element-9930e03 elementor-widget elementor-widget-text-editor\" data-id=\"9930e03\" data-element_type=\"widget\" data-e-type=\"widget\" data-widget_type=\"text-editor.default\">\n\t\t\t\t<div class=\"elementor-widget-container\">\n\t\t\t\t\t\t\t\t\t<p>La modification n\u00b04 du PLUi a \u00e9t\u00e9 engag\u00e9e le 15 d\u00e9cembre 2025 afin d\u2019autoriser l\u2019am\u00e9nagement d\u2019un hameau l\u00e9ger (constitu\u00e9 de r\u00e9sidences d\u00e9montables au sens de l\u2019article R111-51 du code de l\u2019urbanisme) au sud de la commune de F\u00e9neyrols, en lien effectif avec la pr\u00e9sence in situ d\u2019activit\u00e9s artisanales et agricoles.<\/p><p>Par d\u00e9lib\u00e9ration du 27 janvier 2026, le conseil communautaire de la CCQRGA a fix\u00e9 les objectifs et modalit\u00e9s de la concertation pr\u00e9alable \u00e0 ce projet. Vous pouvez retrouver cette d\u00e9cision en bas de cette page.<\/p><p>Un espace d&rsquo;information sur cette proc\u00e9dure est d\u00e9sormais ouvert sur le site internet de la CCQRGA, \u00e0 cette adresse : <a href=\"https:\/\/cc-qrga.fr\/en\/plui\/modification-plui-qrga-4\/\">https:\/\/cc-qrga.fr\/plui\/modification-plui-qrga-4<\/a><\/p><p>Les observations et propositions relatives \u00e0 ce projet peuvent \u00eatre transmises au service urbanisme de la CCQRGA aux coordonn\u00e9es suivantes :\u00a0<\/p><p>Communaut\u00e9 de Communes Quercy Rouergue et Gorges de l&rsquo;Aveyron<br \/>Town Planning Department<br \/>23 place de la mairie<br \/>82 140 Saint-Antonin-Noble-Val<\/p><p>Mail : urbanisme[arobase]cc-qrga.fr<\/p>\t\t\t\t\t\t\t\t<\/div>\n\t\t\t\t<\/div>\n\t\t\t\t<div class=\"elementor-element elementor-element-9e2137a elementor-widget elementor-widget-html\" data-id=\"9e2137a\" data-element_type=\"widget\" data-e-type=\"widget\" data-widget_type=\"html.default\">\n\t\t\t\t<div class=\"elementor-widget-container\">\n\t\t\t\t\t<iframe src=\"https:\/\/cc-qrga.fr\/wp-content\/uploads\/2026\/01\/2025-12-02-Deliberation-concertation-PLUi-M4.pdf\" width=\"100%\" height=\"600px\"><\/iframe>\t\t\t\t<\/div>\n\t\t\t\t<\/div>\n\t\t\t\t\t<\/div>\n\t\t\t\t<\/div>\n\t\t\t\t<\/div>","protected":false},"excerpt":{"rendered":"<p>Concertation pr\u00e9alable \u00e0 la modification n\u00b04 du Plan Local d&rsquo;Urbanisme Intercommunal La modification n\u00b04 du PLUi a \u00e9t\u00e9 engag\u00e9e le 15 d\u00e9cembre 2025 afin d\u2019autoriser l\u2019am\u00e9nagement d\u2019un hameau l\u00e9ger (constitu\u00e9 de r\u00e9sidences d\u00e9montables au sens de l\u2019article R111-51 du code de l\u2019urbanisme) au sud de la commune de F\u00e9neyrols, en lien effectif avec la pr\u00e9sence [&hellip;]<\/p>","protected":false},"author":4,"featured_media":30857,"comment_status":"closed","ping_status":"closed","sticky":false,"template":"","format":"standard","meta":{"footnotes":""},"categories":[26,226,21,19],"tags":[],"class_list":["post-30851","post","type-post","status-publish","format-standard","has-post-thumbnail","hentry","category-accueil-de-loisirs","category-modification-plui-n4","category-plui-ccqrga","category-urbanisme"],"yoast_head":"<!-- This site is optimized with the Yoast SEO plugin v27.4 - https:\/\/yoast.com\/product\/yoast-seo-wordpress\/ -->\n<title>Concertation pr\u00e9alable \u00e0 la modification n\u00b04 du PLUi - Communaut\u00e9 de communes du Quercy Rouergue et des Gorges de l&#039;Aveyron<\/title>\n<meta name=\"robots\" content=\"index, follow, max-snippet:-1, max-image-preview:large, max-video-preview:-1\" \/>\n<link rel=\"canonical\" href=\"https:\/\/cc-qrga.fr\/en\/modification-plui-qrga-4\/\" \/>\n<meta property=\"og:locale\" content=\"en_GB\" \/>\n<meta property=\"og:type\" content=\"article\" \/>\n<meta property=\"og:title\" content=\"Concertation pr\u00e9alable \u00e0 la modification n\u00b04 du PLUi - Communaut\u00e9 de communes du Quercy Rouergue et des Gorges de l&#039;Aveyron\" \/>\n<meta property=\"og:description\" content=\"Concertation pr\u00e9alable \u00e0 la modification n\u00b04 du Plan Local d&rsquo;Urbanisme Intercommunal La modification n\u00b04 du PLUi a \u00e9t\u00e9 engag\u00e9e le 15 d\u00e9cembre 2025 afin d\u2019autoriser l\u2019am\u00e9nagement d\u2019un hameau l\u00e9ger (constitu\u00e9 de r\u00e9sidences d\u00e9montables au sens de l\u2019article R111-51 du code de l\u2019urbanisme) au sud de la commune de F\u00e9neyrols, en lien effectif avec la pr\u00e9sence [&hellip;]\" \/>\n<meta property=\"og:url\" content=\"https:\/\/cc-qrga.fr\/en\/modification-plui-qrga-4\/\" \/>\n<meta property=\"og:site_name\" content=\"Communaut\u00e9 de communes du Quercy Rouergue et des Gorges de l&#039;Aveyron\" \/>\n<meta property=\"article:published_time\" content=\"2026-01-29T13:10:54+00:00\" \/>\n<meta property=\"article:modified_time\" content=\"2026-01-29T13:12:54+00:00\" \/>\n<meta property=\"og:image\" content=\"https:\/\/cc-qrga.fr\/wp-content\/uploads\/2026\/01\/Affichettes-PLUi-M4-2-of-2.png\" \/>\n\t<meta property=\"og:image:width\" content=\"1998\" \/>\n\t<meta property=\"og:image:height\" content=\"1299\" \/>\n\t<meta property=\"og:image:type\" content=\"image\/png\" \/>\n<meta name=\"author\" content=\"Service urbanisme\" \/>\n<meta name=\"twitter:card\" content=\"summary_large_image\" \/>\n<meta name=\"twitter:label1\" content=\"Written by\" \/>\n\t<meta name=\"twitter:data1\" content=\"Service urbanisme\" \/>\n\t<meta name=\"twitter:label2\" content=\"Estimated reading time\" \/>\n\t<meta name=\"twitter:data2\" content=\"2 minutes\" \/>\n<script type=\"application\/ld+json\" class=\"yoast-schema-graph\">{\"@context\":\"https:\\\/\\\/schema.org\",\"@graph\":[{\"@type\":\"Article\",\"@id\":\"https:\\\/\\\/cc-qrga.fr\\\/modification-plui-qrga-4\\\/#article\",\"isPartOf\":{\"@id\":\"https:\\\/\\\/cc-qrga.fr\\\/modification-plui-qrga-4\\\/\"},\"author\":{\"name\":\"Service urbanisme\",\"@id\":\"https:\\\/\\\/cc-qrga.fr\\\/#\\\/schema\\\/person\\\/2c89ced401175a260ddaba479a2ec0a0\"},\"headline\":\"Concertation pr\u00e9alable \u00e0 la modification n\u00b04 du PLUi\",\"datePublished\":\"2026-01-29T13:10:54+00:00\",\"dateModified\":\"2026-01-29T13:12:54+00:00\",\"mainEntityOfPage\":{\"@id\":\"https:\\\/\\\/cc-qrga.fr\\\/modification-plui-qrga-4\\\/\"},\"wordCount\":188,\"image\":{\"@id\":\"https:\\\/\\\/cc-qrga.fr\\\/modification-plui-qrga-4\\\/#primaryimage\"},\"thumbnailUrl\":\"https:\\\/\\\/cc-qrga.fr\\\/wp-content\\\/uploads\\\/2026\\\/01\\\/Affichettes-PLUi-M4-2-of-2.png\",\"articleSection\":[\"Actualit\u00e9s\",\"Modification n\u00b04\",\"Plan Local d'Urbanisme Intercommunal\",\"Urbanisme\"],\"inLanguage\":\"en-GB\"},{\"@type\":\"WebPage\",\"@id\":\"https:\\\/\\\/cc-qrga.fr\\\/modification-plui-qrga-4\\\/\",\"url\":\"https:\\\/\\\/cc-qrga.fr\\\/modification-plui-qrga-4\\\/\",\"name\":\"Concertation pr\u00e9alable \u00e0 la modification n\u00b04 du PLUi - Communaut\u00e9 de communes du Quercy Rouergue et des Gorges de l&#039;Aveyron\",\"isPartOf\":{\"@id\":\"https:\\\/\\\/cc-qrga.fr\\\/#website\"},\"primaryImageOfPage\":{\"@id\":\"https:\\\/\\\/cc-qrga.fr\\\/modification-plui-qrga-4\\\/#primaryimage\"},\"image\":{\"@id\":\"https:\\\/\\\/cc-qrga.fr\\\/modification-plui-qrga-4\\\/#primaryimage\"},\"thumbnailUrl\":\"https:\\\/\\\/cc-qrga.fr\\\/wp-content\\\/uploads\\\/2026\\\/01\\\/Affichettes-PLUi-M4-2-of-2.png\",\"datePublished\":\"2026-01-29T13:10:54+00:00\",\"dateModified\":\"2026-01-29T13:12:54+00:00\",\"author\":{\"@id\":\"https:\\\/\\\/cc-qrga.fr\\\/#\\\/schema\\\/person\\\/2c89ced401175a260ddaba479a2ec0a0\"},\"breadcrumb\":{\"@id\":\"https:\\\/\\\/cc-qrga.fr\\\/modification-plui-qrga-4\\\/#breadcrumb\"},\"inLanguage\":\"en-GB\",\"potentialAction\":[{\"@type\":\"ReadAction\",\"target\":[\"https:\\\/\\\/cc-qrga.fr\\\/modification-plui-qrga-4\\\/\"]}]},{\"@type\":\"ImageObject\",\"inLanguage\":\"en-GB\",\"@id\":\"https:\\\/\\\/cc-qrga.fr\\\/modification-plui-qrga-4\\\/#primaryimage\",\"url\":\"https:\\\/\\\/cc-qrga.fr\\\/wp-content\\\/uploads\\\/2026\\\/01\\\/Affichettes-PLUi-M4-2-of-2.png\",\"contentUrl\":\"https:\\\/\\\/cc-qrga.fr\\\/wp-content\\\/uploads\\\/2026\\\/01\\\/Affichettes-PLUi-M4-2-of-2.png\",\"width\":1998,\"height\":1299},{\"@type\":\"BreadcrumbList\",\"@id\":\"https:\\\/\\\/cc-qrga.fr\\\/modification-plui-qrga-4\\\/#breadcrumb\",\"itemListElement\":[{\"@type\":\"ListItem\",\"position\":1,\"name\":\"Accueil\",\"item\":\"https:\\\/\\\/cc-qrga.fr\\\/\"},{\"@type\":\"ListItem\",\"position\":2,\"name\":\"Concertation pr\u00e9alable \u00e0 la modification n\u00b04 du PLUi\"}]},{\"@type\":\"WebSite\",\"@id\":\"https:\\\/\\\/cc-qrga.fr\\\/#website\",\"url\":\"https:\\\/\\\/cc-qrga.fr\\\/\",\"name\":\"Communaut\u00e9 de communes du Quercy Rouergue et des Gorges de l&#039;Aveyron\",\"description\":\"qrga\",\"potentialAction\":[{\"@type\":\"SearchAction\",\"target\":{\"@type\":\"EntryPoint\",\"urlTemplate\":\"https:\\\/\\\/cc-qrga.fr\\\/?s={search_term_string}\"},\"query-input\":{\"@type\":\"PropertyValueSpecification\",\"valueRequired\":true,\"valueName\":\"search_term_string\"}}],\"inLanguage\":\"en-GB\"},{\"@type\":\"Person\",\"@id\":\"https:\\\/\\\/cc-qrga.fr\\\/#\\\/schema\\\/person\\\/2c89ced401175a260ddaba479a2ec0a0\",\"name\":\"Service urbanisme\",\"image\":{\"@type\":\"ImageObject\",\"inLanguage\":\"en-GB\",\"@id\":\"https:\\\/\\\/secure.gravatar.com\\\/avatar\\\/c5e743aa3d1d713db65d2336cc85c785dafb0a7d7d0991cfee839569efaee27c?s=96&d=mm&r=g\",\"url\":\"https:\\\/\\\/secure.gravatar.com\\\/avatar\\\/c5e743aa3d1d713db65d2336cc85c785dafb0a7d7d0991cfee839569efaee27c?s=96&d=mm&r=g\",\"contentUrl\":\"https:\\\/\\\/secure.gravatar.com\\\/avatar\\\/c5e743aa3d1d713db65d2336cc85c785dafb0a7d7d0991cfee839569efaee27c?s=96&d=mm&r=g\",\"caption\":\"Service urbanisme\"},\"url\":\"https:\\\/\\\/cc-qrga.fr\\\/en\\\/author\\\/urbanisme\\\/\"}]}<\/script>\n<!-- \/ Yoast SEO plugin. -->","yoast_head_json":{"title":"Concertation pr\u00e9alable \u00e0 la modification n\u00b04 du PLUi - Communaut\u00e9 de communes du Quercy Rouergue et des Gorges de l&#039;Aveyron","robots":{"index":"index","follow":"follow","max-snippet":"max-snippet:-1","max-image-preview":"max-image-preview:large","max-video-preview":"max-video-preview:-1"},"canonical":"https:\/\/cc-qrga.fr\/en\/modification-plui-qrga-4\/","og_locale":"en_GB","og_type":"article","og_title":"Concertation pr\u00e9alable \u00e0 la modification n\u00b04 du PLUi - Communaut\u00e9 de communes du Quercy Rouergue et des Gorges de l&#039;Aveyron","og_description":"Concertation pr\u00e9alable \u00e0 la modification n\u00b04 du Plan Local d&rsquo;Urbanisme Intercommunal La modification n\u00b04 du PLUi a \u00e9t\u00e9 engag\u00e9e le 15 d\u00e9cembre 2025 afin d\u2019autoriser l\u2019am\u00e9nagement d\u2019un hameau l\u00e9ger (constitu\u00e9 de r\u00e9sidences d\u00e9montables au sens de l\u2019article R111-51 du code de l\u2019urbanisme) au sud de la commune de F\u00e9neyrols, en lien effectif avec la pr\u00e9sence [&hellip;]","og_url":"https:\/\/cc-qrga.fr\/en\/modification-plui-qrga-4\/","og_site_name":"Communaut\u00e9 de communes du Quercy Rouergue et des Gorges de l&#039;Aveyron","article_published_time":"2026-01-29T13:10:54+00:00","article_modified_time":"2026-01-29T13:12:54+00:00","og_image":[{"width":1998,"height":1299,"url":"https:\/\/cc-qrga.fr\/wp-content\/uploads\/2026\/01\/Affichettes-PLUi-M4-2-of-2.png","type":"image\/png"}],"author":"Service urbanisme","twitter_card":"summary_large_image","twitter_misc":{"Written by":"Service urbanisme","Estimated reading time":"2 minutes"},"schema":{"@context":"https:\/\/schema.org","@graph":[{"@type":"Article","@id":"https:\/\/cc-qrga.fr\/modification-plui-qrga-4\/#article","isPartOf":{"@id":"https:\/\/cc-qrga.fr\/modification-plui-qrga-4\/"},"author":{"name":"Service urbanisme","@id":"https:\/\/cc-qrga.fr\/#\/schema\/person\/2c89ced401175a260ddaba479a2ec0a0"},"headline":"Concertation pr\u00e9alable \u00e0 la modification n\u00b04 du PLUi","datePublished":"2026-01-29T13:10:54+00:00","dateModified":"2026-01-29T13:12:54+00:00","mainEntityOfPage":{"@id":"https:\/\/cc-qrga.fr\/modification-plui-qrga-4\/"},"wordCount":188,"image":{"@id":"https:\/\/cc-qrga.fr\/modification-plui-qrga-4\/#primaryimage"},"thumbnailUrl":"https:\/\/cc-qrga.fr\/wp-content\/uploads\/2026\/01\/Affichettes-PLUi-M4-2-of-2.png","articleSection":["Actualit\u00e9s","Modification n\u00b04","Plan Local d'Urbanisme Intercommunal","Urbanisme"],"inLanguage":"en-GB"},{"@type":"WebPage","@id":"https:\/\/cc-qrga.fr\/modification-plui-qrga-4\/","url":"https:\/\/cc-qrga.fr\/modification-plui-qrga-4\/","name":"Concertation pr\u00e9alable \u00e0 la modification n\u00b04 du PLUi - Communaut\u00e9 de communes du Quercy Rouergue et des Gorges de l&#039;Aveyron","isPartOf":{"@id":"https:\/\/cc-qrga.fr\/#website"},"primaryImageOfPage":{"@id":"https:\/\/cc-qrga.fr\/modification-plui-qrga-4\/#primaryimage"},"image":{"@id":"https:\/\/cc-qrga.fr\/modification-plui-qrga-4\/#primaryimage"},"thumbnailUrl":"https:\/\/cc-qrga.fr\/wp-content\/uploads\/2026\/01\/Affichettes-PLUi-M4-2-of-2.png","datePublished":"2026-01-29T13:10:54+00:00","dateModified":"2026-01-29T13:12:54+00:00","author":{"@id":"https:\/\/cc-qrga.fr\/#\/schema\/person\/2c89ced401175a260ddaba479a2ec0a0"},"breadcrumb":{"@id":"https:\/\/cc-qrga.fr\/modification-plui-qrga-4\/#breadcrumb"},"inLanguage":"en-GB","potentialAction":[{"@type":"ReadAction","target":["https:\/\/cc-qrga.fr\/modification-plui-qrga-4\/"]}]},{"@type":"ImageObject","inLanguage":"en-GB","@id":"https:\/\/cc-qrga.fr\/modification-plui-qrga-4\/#primaryimage","url":"https:\/\/cc-qrga.fr\/wp-content\/uploads\/2026\/01\/Affichettes-PLUi-M4-2-of-2.png","contentUrl":"https:\/\/cc-qrga.fr\/wp-content\/uploads\/2026\/01\/Affichettes-PLUi-M4-2-of-2.png","width":1998,"height":1299},{"@type":"BreadcrumbList","@id":"https:\/\/cc-qrga.fr\/modification-plui-qrga-4\/#breadcrumb","itemListElement":[{"@type":"ListItem","position":1,"name":"Accueil","item":"https:\/\/cc-qrga.fr\/"},{"@type":"ListItem","position":2,"name":"Concertation pr\u00e9alable \u00e0 la modification n\u00b04 du PLUi"}]},{"@type":"WebSite","@id":"https:\/\/cc-qrga.fr\/#website","url":"https:\/\/cc-qrga.fr\/","name":"Community of Municipalities of Quercy Rouergue and the Aveyron Gorges","description":"qrga","potentialAction":[{"@type":"SearchAction","target":{"@type":"EntryPoint","urlTemplate":"https:\/\/cc-qrga.fr\/?s={search_term_string}"},"query-input":{"@type":"PropertyValueSpecification","valueRequired":true,"valueName":"search_term_string"}}],"inLanguage":"en-GB"},{"@type":"Person","@id":"https:\/\/cc-qrga.fr\/#\/schema\/person\/2c89ced401175a260ddaba479a2ec0a0","name":"Town Planning Department","image":{"@type":"ImageObject","inLanguage":"en-GB","@id":"https:\/\/secure.gravatar.com\/avatar\/c5e743aa3d1d713db65d2336cc85c785dafb0a7d7d0991cfee839569efaee27c?s=96&d=mm&r=g","url":"https:\/\/secure.gravatar.com\/avatar\/c5e743aa3d1d713db65d2336cc85c785dafb0a7d7d0991cfee839569efaee27c?s=96&d=mm&r=g","contentUrl":"https:\/\/secure.gravatar.com\/avatar\/c5e743aa3d1d713db65d2336cc85c785dafb0a7d7d0991cfee839569efaee27c?s=96&d=mm&r=g","caption":"Service urbanisme"},"url":"https:\/\/cc-qrga.fr\/en\/author\/urbanisme\/"}]}},"views":947,"_links":{"self":[{"href":"https:\/\/cc-qrga.fr\/en\/wp-json\/wp\/v2\/posts\/30851","targetHints":{"allow":["GET"]}}],"collection":[{"href":"https:\/\/cc-qrga.fr\/en\/wp-json\/wp\/v2\/posts"}],"about":[{"href":"https:\/\/cc-qrga.fr\/en\/wp-json\/wp\/v2\/types\/post"}],"author":[{"embeddable":true,"href":"https:\/\/cc-qrga.fr\/en\/wp-json\/wp\/v2\/users\/4"}],"replies":[{"embeddable":true,"href":"https:\/\/cc-qrga.fr\/en\/wp-json\/wp\/v2\/comments?post=30851"}],"version-history":[{"count":11,"href":"https:\/\/cc-qrga.fr\/en\/wp-json\/wp\/v2\/posts\/30851\/revisions"}],"predecessor-version":[{"id":30873,"href":"https:\/\/cc-qrga.fr\/en\/wp-json\/wp\/v2\/posts\/30851\/revisions\/30873"}],"wp:featuredmedia":[{"embeddable":true,"href":"https:\/\/cc-qrga.fr\/en\/wp-json\/wp\/v2\/media\/30857"}],"wp:attachment":[{"href":"https:\/\/cc-qrga.fr\/en\/wp-json\/wp\/v2\/media?parent=30851"}],"wp:term":[{"taxonomy":"category","embeddable":true,"href":"https:\/\/cc-qrga.fr\/en\/wp-json\/wp\/v2\/categories?post=30851"},{"taxonomy":"post_tag","embeddable":true,"href":"https:\/\/cc-qrga.fr\/en\/wp-json\/wp\/v2\/tags?post=30851"}],"curies":[{"name":"wp","href":"https:\/\/api.w.org\/{rel}","templated":true}]}}