{"id":19220,"date":"2022-12-02T14:25:00","date_gmt":"2022-12-02T13:25:00","guid":{"rendered":"https:\/\/cc-qrga.fr\/?p=19220"},"modified":"2023-01-06T14:30:45","modified_gmt":"2023-01-06T13:30:45","slug":"mandy-edouard","status":"publish","type":"post","link":"https:\/\/cc-qrga.fr\/es\/mandy-edouard\/","title":{"rendered":"[Mandy &amp; \u00c9douard]"},"content":{"rendered":"<p>Mandy &amp; \u00c9douard, de <a href=\"https:\/\/www.facebook.com\/Lamaison.Parisot?__cft__[0]=AZVfdPT4Kk710sPZ_bFTWobKIDr8A2B4t24Bez3rRPacHvkMaQc4q2v7_zy25q4jUnJqVpb8rKE8PcC8WlWLfPiqHTpsNLlL54d0IZqG5a2UDA9tGmLiE2-GrAVEMEuL94IZ6MFWMZSy45qNeGvq5A5W4DNopxpb-ytqKNyz68jCPrU6OHyu5ZijNAksoBHCKI4&amp;__tn__=-]K-R\">La Maison Caf\u00e9 Bar<\/a> de Parisot, le proponen un programa de locura para las pr\u00f3ximas semanas. <img decoding=\"async\" alt=\"\ud83e\udd73\" src=\"https:\/\/static.xx.fbcdn.net\/images\/emoji.php\/v9\/t6d\/1\/16\/1f973.png\" width=\"16\" height=\"16\"><img decoding=\"async\" alt=\"\ud83c\udf7b\" src=\"https:\/\/static.xx.fbcdn.net\/images\/emoji.php\/v9\/t96\/1\/16\/1f37b.png\" width=\"16\" height=\"16\"><\/p>\n\n\n\n<p>Marquen sus calendarios:<\/p>\n\n\n\n<p>&#8211; <a><\/a>Todos los segundos lunes de mes: fish and chips <img decoding=\"async\" alt=\"\ud83d\udc1f\" src=\"https:\/\/static.xx.fbcdn.net\/images\/emoji.php\/v9\/t21\/1\/16\/1f41f.png\" width=\"16\" height=\"16\"><img loading=\"lazy\" decoding=\"async\" alt=\"\ud83c\udf5f\" src=\"https:\/\/static.xx.fbcdn.net\/images\/emoji.php\/v9\/t5c\/1\/16\/1f35f.png\" width=\"16\" height=\"16\"><\/p>\n\n\n\n<p>- Todos los jueves por la noche: albergue espa\u00f1ol<\/p>\n\n\n\n<p>- Todos los primeros viernes de mes: \u00a1escenario abierto! \u00a1Esta noche, Jam Session!<img loading=\"lazy\" decoding=\"async\" alt=\"\ud83c\udf99\" src=\"https:\/\/static.xx.fbcdn.net\/images\/emoji.php\/v9\/t2b\/1\/16\/1f399.png\" width=\"16\" height=\"16\"><img loading=\"lazy\" decoding=\"async\" alt=\"\ud83c\udfbb\" src=\"https:\/\/static.xx.fbcdn.net\/images\/emoji.php\/v9\/t4b\/1\/16\/1f3bb.png\" width=\"16\" height=\"16\"><img loading=\"lazy\" decoding=\"async\" alt=\"\ud83c\udfba\" src=\"https:\/\/static.xx.fbcdn.net\/images\/emoji.php\/v9\/tca\/1\/16\/1f3ba.png\" width=\"16\" height=\"16\"><\/p>\n\n\n\n<p>- Cada tercer s\u00e1bado de mes: concierto <img loading=\"lazy\" decoding=\"async\" alt=\"\ud83c\udfb6\" src=\"https:\/\/static.xx.fbcdn.net\/images\/emoji.php\/v9\/t1f\/1\/16\/1f3b6.png\" width=\"16\" height=\"16\"><\/p>\n\n\n\n<p>- Todos los primeros domingos de mes: almuerzo de tripoux y cabeza de ternera. <\/p>\n\n\n\n<p>Catering in situ a cargo de <a href=\"https:\/\/www.facebook.com\/Feuetfumee\/?__cft__[0]=AZVfdPT4Kk710sPZ_bFTWobKIDr8A2B4t24Bez3rRPacHvkMaQc4q2v7_zy25q4jUnJqVpb8rKE8PcC8WlWLfPiqHTpsNLlL54d0IZqG5a2UDA9tGmLiE2-GrAVEMEuL94IZ6MFWMZSy45qNeGvq5A5W4DNopxpb-ytqKNyz68jCPrU6OHyu5ZijNAksoBHCKI4&amp;__tn__=kK-R\">Fuego y humo<\/a> \u00a1todos los fines de semana! Disfruta de sus famosas hamburguesas, pulled pork y pollo frito. <img loading=\"lazy\" decoding=\"async\" alt=\"\ud83e\udd24\" src=\"https:\/\/static.xx.fbcdn.net\/images\/emoji.php\/v9\/td3\/1\/16\/1f924.png\" width=\"16\" height=\"16\"><\/p>\n\n\n\n<p>Mesa de billar y dardos en el bar. Una forma estupenda de pasar una velada entre amigos. <\/p>\n\n\n\n<p><img loading=\"lazy\" decoding=\"async\" alt=\"\ud83d\udce3\" src=\"https:\/\/static.xx.fbcdn.net\/images\/emoji.php\/v9\/tba\/1\/16\/1f4e3.png\" width=\"16\" height=\"16\">Convocatoria de candidaturas <img loading=\"lazy\" decoding=\"async\" alt=\"\ud83d\udce3\" src=\"https:\/\/static.xx.fbcdn.net\/images\/emoji.php\/v9\/tba\/1\/16\/1f4e3.png\" width=\"16\" height=\"16\"><\/p>\n\n\n\n<p>El bar busca artistas para espect\u00e1culos individuales.<\/p>\n\n\n\n<p>Para m\u00e1s informaci\u00f3n lamaisoncafebar@orange.fr o 06.95.12.82.85 <img loading=\"lazy\" decoding=\"async\" alt=\"\u260e\ufe0f\" src=\"https:\/\/static.xx.fbcdn.net\/images\/emoji.php\/v9\/t22\/1\/16\/260e.png\" width=\"16\" height=\"16\"><\/p>\n\n\n\n<p>Horarios de apertura <img loading=\"lazy\" decoding=\"async\" alt=\"\ud83d\udd50\" src=\"https:\/\/static.xx.fbcdn.net\/images\/emoji.php\/v9\/ta8\/1\/16\/1f550.png\" width=\"16\" height=\"16\">:<\/p>\n\n\n\n<ul class=\"wp-block-list\">\n<li>De lunes a jueves: de 8.00 a 13.00 h. y de 18.00 a 22.00 h.<\/li>\n\n\n\n<li>Mi\u00e9rcoles: de 8.00 a 13.00 horas.<\/li>\n\n\n\n<li>Viernes: de 8.00 a 2.00 h.<\/li>\n\n\n\n<li>S\u00e1bado: de 9.00 a 14.00 h.<\/li>\n\n\n\n<li>Domingo: de 9.00 a 22.00 h.<\/li>\n<\/ul>\n\n\n\n<figure class=\"wp-block-gallery has-nested-images columns-default is-cropped wp-block-gallery-1 is-layout-flex wp-block-gallery-is-layout-flex\">\n<figure class=\"wp-block-image size-large\"><img loading=\"lazy\" decoding=\"async\" width=\"1024\" height=\"768\" data-id=\"19221\" src=\"https:\/\/cc-qrga.fr\/wp-content\/uploads\/2023\/01\/AnyConv.com__IMG_0724-1024x768.jpg\" alt=\"\" class=\"wp-image-19221\" srcset=\"https:\/\/cc-qrga.fr\/wp-content\/uploads\/2023\/01\/AnyConv.com__IMG_0724-1024x768.jpg 1024w, https:\/\/cc-qrga.fr\/wp-content\/uploads\/2023\/01\/AnyConv.com__IMG_0724-300x225.jpg 300w, https:\/\/cc-qrga.fr\/wp-content\/uploads\/2023\/01\/AnyConv.com__IMG_0724-768x576.jpg 768w, https:\/\/cc-qrga.fr\/wp-content\/uploads\/2023\/01\/AnyConv.com__IMG_0724-1536x1152.jpg 1536w, https:\/\/cc-qrga.fr\/wp-content\/uploads\/2023\/01\/AnyConv.com__IMG_0724-2048x1536.jpg 2048w\" sizes=\"(max-width: 1024px) 100vw, 1024px\" \/><\/figure>\n<\/figure>","protected":false},"excerpt":{"rendered":"<p>Mandy y \u00c9douard, de La Maison Caf\u00e9 Bar de Parisot, te proponen un loco programa de eventos para las pr\u00f3ximas semanas. Marque sus calendarios: - Todos los segundos lunes de mes: fish and chips - Todos los jueves por la noche: albergue espa\u00f1ol - Todos los primeros viernes de mes: escenario abierto [...<\/p>","protected":false},"author":18,"featured_media":19221,"comment_status":"closed","ping_status":"closed","sticky":false,"template":"","format":"standard","meta":{"footnotes":""},"categories":[71,68],"tags":[98,100,97,99,73],"class_list":["post-19220","post","type-post","status-publish","format-standard","has-post-thumbnail","hentry","category-parisot","category-portrait-commercant","tag-bar","tag-edouard","tag-maison-cafe-bar","tag-mandy","tag-parisot"],"yoast_head":"<!-- This site is optimized with the Yoast SEO plugin v27.4 - https:\/\/yoast.com\/product\/yoast-seo-wordpress\/ -->\n<title>[Mandy &amp; \u00c9douard] - Communaut\u00e9 de communes du Quercy Rouergue et des Gorges de l&#039;Aveyron<\/title>\n<meta name=\"robots\" content=\"index, follow, max-snippet:-1, max-image-preview:large, max-video-preview:-1\" \/>\n<link rel=\"canonical\" href=\"https:\/\/cc-qrga.fr\/es\/mandy-edouard\/\" \/>\n<meta property=\"og:locale\" content=\"es_ES\" \/>\n<meta property=\"og:type\" content=\"article\" \/>\n<meta property=\"og:title\" content=\"[Mandy &amp; \u00c9douard] - Communaut\u00e9 de communes du Quercy Rouergue et des Gorges de l&#039;Aveyron\" \/>\n<meta property=\"og:description\" content=\"Mandy &amp; \u00c9douard, de La Maison Caf\u00e9 Bar \u00e0 Parisot, vous proposent une programmation de folie pour les semaines \u00e0 venir ! \u00c0 vos agendas : &#8211; Tous les 2\u00e8mes lundis du mois : fish and chips &#8211; Tous les jeudis soir : auberge espagnole &#8211; Tous les 1ers vendredis du mois : sc\u00e8ne ouverte [&hellip;]\" \/>\n<meta property=\"og:url\" content=\"https:\/\/cc-qrga.fr\/es\/mandy-edouard\/\" \/>\n<meta property=\"og:site_name\" content=\"Communaut\u00e9 de communes du Quercy Rouergue et des Gorges de l&#039;Aveyron\" \/>\n<meta property=\"article:published_time\" content=\"2022-12-02T13:25:00+00:00\" \/>\n<meta property=\"article:modified_time\" content=\"2023-01-06T13:30:45+00:00\" \/>\n<meta property=\"og:image\" content=\"https:\/\/cc-qrga.fr\/wp-content\/uploads\/2023\/01\/AnyConv.com__IMG_0724-scaled.jpg\" \/>\n\t<meta property=\"og:image:width\" content=\"2560\" \/>\n\t<meta property=\"og:image:height\" content=\"1920\" \/>\n\t<meta property=\"og:image:type\" content=\"image\/jpeg\" \/>\n<meta name=\"author\" content=\"AmbreR\" \/>\n<meta name=\"twitter:card\" content=\"summary_large_image\" \/>\n<meta name=\"twitter:label1\" content=\"Escrito por\" \/>\n\t<meta name=\"twitter:data1\" content=\"AmbreR\" \/>\n\t<meta name=\"twitter:label2\" content=\"Tiempo de lectura\" \/>\n\t<meta name=\"twitter:data2\" content=\"4 minutos\" \/>\n<script type=\"application\/ld+json\" class=\"yoast-schema-graph\">{\"@context\":\"https:\\\/\\\/schema.org\",\"@graph\":[{\"@type\":\"Article\",\"@id\":\"https:\\\/\\\/cc-qrga.fr\\\/mandy-edouard\\\/#article\",\"isPartOf\":{\"@id\":\"https:\\\/\\\/cc-qrga.fr\\\/mandy-edouard\\\/\"},\"author\":{\"name\":\"AmbreR\",\"@id\":\"https:\\\/\\\/cc-qrga.fr\\\/#\\\/schema\\\/person\\\/b0e22bcd3af3c03195b8c19300c63c83\"},\"headline\":\"[Mandy &amp; \u00c9douard]\",\"datePublished\":\"2022-12-02T13:25:00+00:00\",\"dateModified\":\"2023-01-06T13:30:45+00:00\",\"mainEntityOfPage\":{\"@id\":\"https:\\\/\\\/cc-qrga.fr\\\/mandy-edouard\\\/\"},\"wordCount\":168,\"image\":{\"@id\":\"https:\\\/\\\/cc-qrga.fr\\\/mandy-edouard\\\/#primaryimage\"},\"thumbnailUrl\":\"https:\\\/\\\/cc-qrga.fr\\\/wp-content\\\/uploads\\\/2023\\\/01\\\/AnyConv.com__IMG_0724-scaled.jpg\",\"keywords\":[\"Bar\",\"Edouard\",\"Maison caf\u00e9 bar\",\"Mandy\",\"Parisot\"],\"articleSection\":[\"Parisot\",\"Portrait commercant\"],\"inLanguage\":\"es\"},{\"@type\":\"WebPage\",\"@id\":\"https:\\\/\\\/cc-qrga.fr\\\/mandy-edouard\\\/\",\"url\":\"https:\\\/\\\/cc-qrga.fr\\\/mandy-edouard\\\/\",\"name\":\"[Mandy &amp; \u00c9douard] - Communaut\u00e9 de communes du Quercy Rouergue et des Gorges de l&#039;Aveyron\",\"isPartOf\":{\"@id\":\"https:\\\/\\\/cc-qrga.fr\\\/#website\"},\"primaryImageOfPage\":{\"@id\":\"https:\\\/\\\/cc-qrga.fr\\\/mandy-edouard\\\/#primaryimage\"},\"image\":{\"@id\":\"https:\\\/\\\/cc-qrga.fr\\\/mandy-edouard\\\/#primaryimage\"},\"thumbnailUrl\":\"https:\\\/\\\/cc-qrga.fr\\\/wp-content\\\/uploads\\\/2023\\\/01\\\/AnyConv.com__IMG_0724-scaled.jpg\",\"datePublished\":\"2022-12-02T13:25:00+00:00\",\"dateModified\":\"2023-01-06T13:30:45+00:00\",\"author\":{\"@id\":\"https:\\\/\\\/cc-qrga.fr\\\/#\\\/schema\\\/person\\\/b0e22bcd3af3c03195b8c19300c63c83\"},\"breadcrumb\":{\"@id\":\"https:\\\/\\\/cc-qrga.fr\\\/mandy-edouard\\\/#breadcrumb\"},\"inLanguage\":\"es\",\"potentialAction\":[{\"@type\":\"ReadAction\",\"target\":[\"https:\\\/\\\/cc-qrga.fr\\\/mandy-edouard\\\/\"]}]},{\"@type\":\"ImageObject\",\"inLanguage\":\"es\",\"@id\":\"https:\\\/\\\/cc-qrga.fr\\\/mandy-edouard\\\/#primaryimage\",\"url\":\"https:\\\/\\\/cc-qrga.fr\\\/wp-content\\\/uploads\\\/2023\\\/01\\\/AnyConv.com__IMG_0724-scaled.jpg\",\"contentUrl\":\"https:\\\/\\\/cc-qrga.fr\\\/wp-content\\\/uploads\\\/2023\\\/01\\\/AnyConv.com__IMG_0724-scaled.jpg\",\"width\":2560,\"height\":1920},{\"@type\":\"BreadcrumbList\",\"@id\":\"https:\\\/\\\/cc-qrga.fr\\\/mandy-edouard\\\/#breadcrumb\",\"itemListElement\":[{\"@type\":\"ListItem\",\"position\":1,\"name\":\"Accueil\",\"item\":\"https:\\\/\\\/cc-qrga.fr\\\/\"},{\"@type\":\"ListItem\",\"position\":2,\"name\":\"[Mandy &amp; \u00c9douard]\"}]},{\"@type\":\"WebSite\",\"@id\":\"https:\\\/\\\/cc-qrga.fr\\\/#website\",\"url\":\"https:\\\/\\\/cc-qrga.fr\\\/\",\"name\":\"Communaut\u00e9 de communes du Quercy Rouergue et des Gorges de l&#039;Aveyron\",\"description\":\"qrga\",\"potentialAction\":[{\"@type\":\"SearchAction\",\"target\":{\"@type\":\"EntryPoint\",\"urlTemplate\":\"https:\\\/\\\/cc-qrga.fr\\\/?s={search_term_string}\"},\"query-input\":{\"@type\":\"PropertyValueSpecification\",\"valueRequired\":true,\"valueName\":\"search_term_string\"}}],\"inLanguage\":\"es\"},{\"@type\":\"Person\",\"@id\":\"https:\\\/\\\/cc-qrga.fr\\\/#\\\/schema\\\/person\\\/b0e22bcd3af3c03195b8c19300c63c83\",\"name\":\"AmbreR\",\"image\":{\"@type\":\"ImageObject\",\"inLanguage\":\"es\",\"@id\":\"https:\\\/\\\/secure.gravatar.com\\\/avatar\\\/a608f1f3bf9830730e4f923d7f6776c55eeeb7933c69f3140a36703e6230ac66?s=96&d=mm&r=g\",\"url\":\"https:\\\/\\\/secure.gravatar.com\\\/avatar\\\/a608f1f3bf9830730e4f923d7f6776c55eeeb7933c69f3140a36703e6230ac66?s=96&d=mm&r=g\",\"contentUrl\":\"https:\\\/\\\/secure.gravatar.com\\\/avatar\\\/a608f1f3bf9830730e4f923d7f6776c55eeeb7933c69f3140a36703e6230ac66?s=96&d=mm&r=g\",\"caption\":\"AmbreR\"},\"url\":\"https:\\\/\\\/cc-qrga.fr\\\/es\\\/author\\\/ambrer\\\/\"}]}<\/script>\n<!-- \/ Yoast SEO plugin. -->","yoast_head_json":{"title":"[Mandy &amp; \u00c9douard] - Communaut\u00e9 de communes du Quercy Rouergue et des Gorges de l&#039;Aveyron","robots":{"index":"index","follow":"follow","max-snippet":"max-snippet:-1","max-image-preview":"max-image-preview:large","max-video-preview":"max-video-preview:-1"},"canonical":"https:\/\/cc-qrga.fr\/es\/mandy-edouard\/","og_locale":"es_ES","og_type":"article","og_title":"[Mandy &amp; \u00c9douard] - Communaut\u00e9 de communes du Quercy Rouergue et des Gorges de l&#039;Aveyron","og_description":"Mandy &amp; \u00c9douard, de La Maison Caf\u00e9 Bar \u00e0 Parisot, vous proposent une programmation de folie pour les semaines \u00e0 venir ! \u00c0 vos agendas : &#8211; Tous les 2\u00e8mes lundis du mois : fish and chips &#8211; Tous les jeudis soir : auberge espagnole &#8211; Tous les 1ers vendredis du mois : sc\u00e8ne ouverte [&hellip;]","og_url":"https:\/\/cc-qrga.fr\/es\/mandy-edouard\/","og_site_name":"Communaut\u00e9 de communes du Quercy Rouergue et des Gorges de l&#039;Aveyron","article_published_time":"2022-12-02T13:25:00+00:00","article_modified_time":"2023-01-06T13:30:45+00:00","og_image":[{"width":2560,"height":1920,"url":"https:\/\/cc-qrga.fr\/wp-content\/uploads\/2023\/01\/AnyConv.com__IMG_0724-scaled.jpg","type":"image\/jpeg"}],"author":"AmbreR","twitter_card":"summary_large_image","twitter_misc":{"Escrito por":"AmbreR","Tiempo de lectura":"4 minutos"},"schema":{"@context":"https:\/\/schema.org","@graph":[{"@type":"Article","@id":"https:\/\/cc-qrga.fr\/mandy-edouard\/#article","isPartOf":{"@id":"https:\/\/cc-qrga.fr\/mandy-edouard\/"},"author":{"name":"AmbreR","@id":"https:\/\/cc-qrga.fr\/#\/schema\/person\/b0e22bcd3af3c03195b8c19300c63c83"},"headline":"[Mandy &amp; \u00c9douard]","datePublished":"2022-12-02T13:25:00+00:00","dateModified":"2023-01-06T13:30:45+00:00","mainEntityOfPage":{"@id":"https:\/\/cc-qrga.fr\/mandy-edouard\/"},"wordCount":168,"image":{"@id":"https:\/\/cc-qrga.fr\/mandy-edouard\/#primaryimage"},"thumbnailUrl":"https:\/\/cc-qrga.fr\/wp-content\/uploads\/2023\/01\/AnyConv.com__IMG_0724-scaled.jpg","keywords":["Bar","Edouard","Maison caf\u00e9 bar","Mandy","Parisot"],"articleSection":["Parisot","Portrait commercant"],"inLanguage":"es"},{"@type":"WebPage","@id":"https:\/\/cc-qrga.fr\/mandy-edouard\/","url":"https:\/\/cc-qrga.fr\/mandy-edouard\/","name":"[Mandy &amp; \u00c9douard] - Communaut\u00e9 de communes du Quercy Rouergue et des Gorges de l&#039;Aveyron","isPartOf":{"@id":"https:\/\/cc-qrga.fr\/#website"},"primaryImageOfPage":{"@id":"https:\/\/cc-qrga.fr\/mandy-edouard\/#primaryimage"},"image":{"@id":"https:\/\/cc-qrga.fr\/mandy-edouard\/#primaryimage"},"thumbnailUrl":"https:\/\/cc-qrga.fr\/wp-content\/uploads\/2023\/01\/AnyConv.com__IMG_0724-scaled.jpg","datePublished":"2022-12-02T13:25:00+00:00","dateModified":"2023-01-06T13:30:45+00:00","author":{"@id":"https:\/\/cc-qrga.fr\/#\/schema\/person\/b0e22bcd3af3c03195b8c19300c63c83"},"breadcrumb":{"@id":"https:\/\/cc-qrga.fr\/mandy-edouard\/#breadcrumb"},"inLanguage":"es","potentialAction":[{"@type":"ReadAction","target":["https:\/\/cc-qrga.fr\/mandy-edouard\/"]}]},{"@type":"ImageObject","inLanguage":"es","@id":"https:\/\/cc-qrga.fr\/mandy-edouard\/#primaryimage","url":"https:\/\/cc-qrga.fr\/wp-content\/uploads\/2023\/01\/AnyConv.com__IMG_0724-scaled.jpg","contentUrl":"https:\/\/cc-qrga.fr\/wp-content\/uploads\/2023\/01\/AnyConv.com__IMG_0724-scaled.jpg","width":2560,"height":1920},{"@type":"BreadcrumbList","@id":"https:\/\/cc-qrga.fr\/mandy-edouard\/#breadcrumb","itemListElement":[{"@type":"ListItem","position":1,"name":"Accueil","item":"https:\/\/cc-qrga.fr\/"},{"@type":"ListItem","position":2,"name":"[Mandy &amp; \u00c9douard]"}]},{"@type":"WebSite","@id":"https:\/\/cc-qrga.fr\/#website","url":"https:\/\/cc-qrga.fr\/","name":"Mancomunidad de municipios de Quercy Rouergue y Gargantas del Aveyron","description":"qrga","potentialAction":[{"@type":"SearchAction","target":{"@type":"EntryPoint","urlTemplate":"https:\/\/cc-qrga.fr\/?s={search_term_string}"},"query-input":{"@type":"PropertyValueSpecification","valueRequired":true,"valueName":"search_term_string"}}],"inLanguage":"es"},{"@type":"Person","@id":"https:\/\/cc-qrga.fr\/#\/schema\/person\/b0e22bcd3af3c03195b8c19300c63c83","name":"AmbreR","image":{"@type":"ImageObject","inLanguage":"es","@id":"https:\/\/secure.gravatar.com\/avatar\/a608f1f3bf9830730e4f923d7f6776c55eeeb7933c69f3140a36703e6230ac66?s=96&d=mm&r=g","url":"https:\/\/secure.gravatar.com\/avatar\/a608f1f3bf9830730e4f923d7f6776c55eeeb7933c69f3140a36703e6230ac66?s=96&d=mm&r=g","contentUrl":"https:\/\/secure.gravatar.com\/avatar\/a608f1f3bf9830730e4f923d7f6776c55eeeb7933c69f3140a36703e6230ac66?s=96&d=mm&r=g","caption":"AmbreR"},"url":"https:\/\/cc-qrga.fr\/es\/author\/ambrer\/"}]}},"views":3252,"_links":{"self":[{"href":"https:\/\/cc-qrga.fr\/es\/wp-json\/wp\/v2\/posts\/19220","targetHints":{"allow":["GET"]}}],"collection":[{"href":"https:\/\/cc-qrga.fr\/es\/wp-json\/wp\/v2\/posts"}],"about":[{"href":"https:\/\/cc-qrga.fr\/es\/wp-json\/wp\/v2\/types\/post"}],"author":[{"embeddable":true,"href":"https:\/\/cc-qrga.fr\/es\/wp-json\/wp\/v2\/users\/18"}],"replies":[{"embeddable":true,"href":"https:\/\/cc-qrga.fr\/es\/wp-json\/wp\/v2\/comments?post=19220"}],"version-history":[{"count":0,"href":"https:\/\/cc-qrga.fr\/es\/wp-json\/wp\/v2\/posts\/19220\/revisions"}],"wp:featuredmedia":[{"embeddable":true,"href":"https:\/\/cc-qrga.fr\/es\/wp-json\/wp\/v2\/media\/19221"}],"wp:attachment":[{"href":"https:\/\/cc-qrga.fr\/es\/wp-json\/wp\/v2\/media?parent=19220"}],"wp:term":[{"taxonomy":"category","embeddable":true,"href":"https:\/\/cc-qrga.fr\/es\/wp-json\/wp\/v2\/categories?post=19220"},{"taxonomy":"post_tag","embeddable":true,"href":"https:\/\/cc-qrga.fr\/es\/wp-json\/wp\/v2\/tags?post=19220"}],"curies":[{"name":"wp","href":"https:\/\/api.w.org\/{rel}","templated":true}]}}