{"id":19314,"date":"2022-11-08T11:54:00","date_gmt":"2022-11-08T10:54:00","guid":{"rendered":"https:\/\/cc-qrga.fr\/?p=19314"},"modified":"2023-01-10T11:57:00","modified_gmt":"2023-01-10T10:57:00","slug":"virginie-etienne","status":"publish","type":"post","link":"https:\/\/cc-qrga.fr\/es\/virginie-etienne\/","title":{"rendered":"[Virginie &amp; \u00c9tienne]"},"content":{"rendered":"<p>Virginie y \u00c9tienne le dan la bienvenida a su restaurante <a href=\"https:\/\/www.facebook.com\/Fourchettesetcie82?__cft__[0]=AZVpCyN8lSzrGw8U-d2BDuOXGQgbOP2ZZqo-0VHukncMsmaXQgJMRF2SplefmX58lWKl_lcfwh5kmIjWmtafkYam5b4WLCgnR8bWti4WP64-st4m0gkjwCdiDknSpAbIKGrbGSt6QtM0jCyHAHNlHtY-ahjhfuZVUVUVRBhqEUx86IkNbW8iCZ19qLl4Utor_Lk&amp;__tn__=-]K-R\">Horcas y Co<\/a> \u00a1a Parisot! <img decoding=\"async\" alt=\"\ud83c\udf74\" src=\"https:\/\/static.xx.fbcdn.net\/images\/emoji.php\/v9\/t68\/1\/16\/1f374.png\" width=\"16\" height=\"16\"><\/p>\n\n\n\n<p>Sirven platos caseros elaborados con productos frescos. <img decoding=\"async\" alt=\"\ud83d\ude0d\" src=\"https:\/\/static.xx.fbcdn.net\/images\/emoji.php\/v9\/t2\/1\/16\/1f60d.png\" width=\"16\" height=\"16\"><img decoding=\"async\" alt=\"\ud83c\udf54\" src=\"https:\/\/static.xx.fbcdn.net\/images\/emoji.php\/v9\/t2a\/1\/16\/1f354.png\" width=\"16\" height=\"16\"><\/p>\n\n\n\n<p>D\u00edas de apertura :<\/p>\n\n\n\n<ul class=\"wp-block-list\">\n<li>Lunes al mediod\u00eda<\/li>\n\n\n\n<li>Martes al mediod\u00eda<\/li>\n\n\n\n<li>Mi\u00e9rcoles a mediod\u00eda<\/li>\n\n\n\n<li>Jueves al mediod\u00eda y por la tarde<\/li>\n\n\n\n<li>Viernes al mediod\u00eda y por la tarde<\/li>\n\n\n\n<li>S\u00e1bado al mediod\u00eda y por la noche<\/li>\n\n\n\n<li>Domingo a mediod\u00eda.<\/li>\n<\/ul>\n\n\n\n<p>Se recomienda reservar para el servicio nocturno en el 05 63 64 05 41 <img loading=\"lazy\" decoding=\"async\" width=\"16\" height=\"16\" src=\"https:\/\/static.xx.fbcdn.net\/images\/emoji.php\/v9\/t22\/1\/16\/260e.png\" alt=\"\u260e\ufe0f\"><\/p>\n\n\n\n<p>Vea sus creaciones en el sal\u00f3n de t\u00e9, desde <a href=\"https:\/\/www.facebook.com\/abbayedebeaulieu\/?__cft__[0]=AZVpCyN8lSzrGw8U-d2BDuOXGQgbOP2ZZqo-0VHukncMsmaXQgJMRF2SplefmX58lWKl_lcfwh5kmIjWmtafkYam5b4WLCgnR8bWti4WP64-st4m0gkjwCdiDknSpAbIKGrbGSt6QtM0jCyHAHNlHtY-ahjhfuZVUVUVRBhqEUx86IkNbW8iCZ19qLl4Utor_Lk&amp;__tn__=kK-R\">Abad\u00eda de Beaulieu Centro de monumentos nacionales<\/a>durante el periodo estival<img loading=\"lazy\" decoding=\"async\" alt=\"\ud83e\udd5e\" src=\"https:\/\/static.xx.fbcdn.net\/images\/emoji.php\/v9\/t61\/1\/16\/1f95e.png\" width=\"16\" height=\"16\"><img loading=\"lazy\" decoding=\"async\" alt=\"\ud83c\udf70\" src=\"https:\/\/static.xx.fbcdn.net\/images\/emoji.php\/v9\/t64\/1\/16\/1f370.png\" width=\"16\" height=\"16\"><img loading=\"lazy\" decoding=\"async\" alt=\"\ud83c\udf6a\" src=\"https:\/\/static.xx.fbcdn.net\/images\/emoji.php\/v9\/t76\/1\/16\/1f36a.png\" width=\"16\" height=\"16\"><\/p>\n\n\n\n<figure class=\"wp-block-gallery has-nested-images columns-default is-cropped wp-block-gallery-1 is-layout-flex wp-block-gallery-is-layout-flex\">\n<figure class=\"wp-block-image size-large\"><img loading=\"lazy\" decoding=\"async\" width=\"480\" height=\"640\" data-id=\"19316\" src=\"https:\/\/cc-qrga.fr\/wp-content\/uploads\/2023\/01\/photo1-12.jpg\" alt=\"\" class=\"wp-image-19316\" srcset=\"https:\/\/cc-qrga.fr\/wp-content\/uploads\/2023\/01\/photo1-12.jpg 480w, https:\/\/cc-qrga.fr\/wp-content\/uploads\/2023\/01\/photo1-12-225x300.jpg 225w\" sizes=\"(max-width: 480px) 100vw, 480px\" \/><\/figure>\n\n\n\n<figure class=\"wp-block-image size-large\"><img loading=\"lazy\" decoding=\"async\" width=\"769\" height=\"1024\" data-id=\"19318\" src=\"https:\/\/cc-qrga.fr\/wp-content\/uploads\/2023\/01\/plat1-769x1024.jpg\" alt=\"\" class=\"wp-image-19318\" srcset=\"https:\/\/cc-qrga.fr\/wp-content\/uploads\/2023\/01\/plat1-769x1024.jpg 769w, https:\/\/cc-qrga.fr\/wp-content\/uploads\/2023\/01\/plat1-225x300.jpg 225w, https:\/\/cc-qrga.fr\/wp-content\/uploads\/2023\/01\/plat1-768x1023.jpg 768w, https:\/\/cc-qrga.fr\/wp-content\/uploads\/2023\/01\/plat1-1154x1536.jpg 1154w, https:\/\/cc-qrga.fr\/wp-content\/uploads\/2023\/01\/plat1.jpg 1538w\" sizes=\"(max-width: 769px) 100vw, 769px\" \/><\/figure>\n\n\n\n<figure class=\"wp-block-image size-large\"><img loading=\"lazy\" decoding=\"async\" width=\"769\" height=\"1024\" data-id=\"19317\" src=\"https:\/\/cc-qrga.fr\/wp-content\/uploads\/2023\/01\/plat4-769x1024.jpg\" alt=\"\" class=\"wp-image-19317\" srcset=\"https:\/\/cc-qrga.fr\/wp-content\/uploads\/2023\/01\/plat4-769x1024.jpg 769w, https:\/\/cc-qrga.fr\/wp-content\/uploads\/2023\/01\/plat4-225x300.jpg 225w, https:\/\/cc-qrga.fr\/wp-content\/uploads\/2023\/01\/plat4-768x1023.jpg 768w, https:\/\/cc-qrga.fr\/wp-content\/uploads\/2023\/01\/plat4-1154x1536.jpg 1154w, https:\/\/cc-qrga.fr\/wp-content\/uploads\/2023\/01\/plat4.jpg 1538w\" sizes=\"(max-width: 769px) 100vw, 769px\" \/><\/figure>\n<\/figure>","protected":false},"excerpt":{"rendered":"<p>Virginie y \u00c9tienne le dan la bienvenida a su restaurante Fourchettes et Cie, en Parisot. Ofrecen platos caseros elaborados con productos frescos. D\u00edas de apertura: Se recomienda reservar para el servicio de noche en el 05 63 64 05 41 Descubra sus creaciones en el sal\u00f3n de t\u00e9 de Abbaye de Beaulieu Centre [...].<\/p>","protected":false},"author":18,"featured_media":19315,"comment_status":"closed","ping_status":"closed","sticky":false,"template":"","format":"standard","meta":{"footnotes":""},"categories":[71,68],"tags":[87,120,73,60,121],"class_list":["post-19314","post","type-post","status-publish","format-standard","has-post-thumbnail","hentry","category-parisot","category-portrait-commercant","tag-commercant","tag-fourchette-et-cie","tag-parisot","tag-restaurant","tag-virginie-et-etienne"],"yoast_head":"<!-- This site is optimized with the Yoast SEO plugin v27.4 - https:\/\/yoast.com\/product\/yoast-seo-wordpress\/ -->\n<title>[Virginie &amp; \u00c9tienne] - Communaut\u00e9 de communes du Quercy Rouergue et des Gorges de l&#039;Aveyron<\/title>\n<meta name=\"robots\" content=\"index, follow, max-snippet:-1, max-image-preview:large, max-video-preview:-1\" \/>\n<link rel=\"canonical\" href=\"https:\/\/cc-qrga.fr\/es\/virginie-etienne\/\" \/>\n<meta property=\"og:locale\" content=\"es_ES\" \/>\n<meta property=\"og:type\" content=\"article\" \/>\n<meta property=\"og:title\" content=\"[Virginie &amp; \u00c9tienne] - Communaut\u00e9 de communes du Quercy Rouergue et des Gorges de l&#039;Aveyron\" \/>\n<meta property=\"og:description\" content=\"Virginie et \u00c9tienne vous accueillent dans leur restaurant Fourchettes et Cie \u00e0 Parisot ! Ils vous proposent des petits plats faits maison avec des produits frais. Jours d&rsquo;ouverture : R\u00e9servation recommand\u00e9e pour le service du soir au 05 63 64 05 41 Retrouvez leurs cr\u00e9ations, dans le salon de th\u00e9, de Abbaye de Beaulieu Centre [&hellip;]\" \/>\n<meta property=\"og:url\" content=\"https:\/\/cc-qrga.fr\/es\/virginie-etienne\/\" \/>\n<meta property=\"og:site_name\" content=\"Communaut\u00e9 de communes du Quercy Rouergue et des Gorges de l&#039;Aveyron\" \/>\n<meta property=\"article:published_time\" content=\"2022-11-08T10:54:00+00:00\" \/>\n<meta property=\"article:modified_time\" content=\"2023-01-10T10:57:00+00:00\" \/>\n<meta property=\"og:image\" content=\"https:\/\/cc-qrga.fr\/wp-content\/uploads\/2023\/01\/photo1-11.jpg\" \/>\n\t<meta property=\"og:image:width\" content=\"480\" \/>\n\t<meta property=\"og:image:height\" content=\"640\" \/>\n\t<meta property=\"og:image:type\" content=\"image\/jpeg\" \/>\n<meta name=\"author\" content=\"AmbreR\" \/>\n<meta name=\"twitter:card\" content=\"summary_large_image\" \/>\n<meta name=\"twitter:label1\" content=\"Escrito por\" \/>\n\t<meta name=\"twitter:data1\" content=\"AmbreR\" \/>\n\t<meta name=\"twitter:label2\" content=\"Tiempo de lectura\" \/>\n\t<meta name=\"twitter:data2\" content=\"3 minutos\" \/>\n<script type=\"application\/ld+json\" class=\"yoast-schema-graph\">{\"@context\":\"https:\\\/\\\/schema.org\",\"@graph\":[{\"@type\":\"Article\",\"@id\":\"https:\\\/\\\/cc-qrga.fr\\\/virginie-etienne\\\/#article\",\"isPartOf\":{\"@id\":\"https:\\\/\\\/cc-qrga.fr\\\/virginie-etienne\\\/\"},\"author\":{\"name\":\"AmbreR\",\"@id\":\"https:\\\/\\\/cc-qrga.fr\\\/#\\\/schema\\\/person\\\/b0e22bcd3af3c03195b8c19300c63c83\"},\"headline\":\"[Virginie &amp; \u00c9tienne]\",\"datePublished\":\"2022-11-08T10:54:00+00:00\",\"dateModified\":\"2023-01-10T10:57:00+00:00\",\"mainEntityOfPage\":{\"@id\":\"https:\\\/\\\/cc-qrga.fr\\\/virginie-etienne\\\/\"},\"wordCount\":82,\"image\":{\"@id\":\"https:\\\/\\\/cc-qrga.fr\\\/virginie-etienne\\\/#primaryimage\"},\"thumbnailUrl\":\"https:\\\/\\\/cc-qrga.fr\\\/wp-content\\\/uploads\\\/2023\\\/01\\\/photo1-11.jpg\",\"keywords\":[\"commer\u00e7ant\",\"Fourchette et cie\",\"Parisot\",\"restaurant\",\"Virginie et Etienne\"],\"articleSection\":[\"Parisot\",\"Portrait commercant\"],\"inLanguage\":\"es\"},{\"@type\":\"WebPage\",\"@id\":\"https:\\\/\\\/cc-qrga.fr\\\/virginie-etienne\\\/\",\"url\":\"https:\\\/\\\/cc-qrga.fr\\\/virginie-etienne\\\/\",\"name\":\"[Virginie &amp; \u00c9tienne] - Communaut\u00e9 de communes du Quercy Rouergue et des Gorges de l&#039;Aveyron\",\"isPartOf\":{\"@id\":\"https:\\\/\\\/cc-qrga.fr\\\/#website\"},\"primaryImageOfPage\":{\"@id\":\"https:\\\/\\\/cc-qrga.fr\\\/virginie-etienne\\\/#primaryimage\"},\"image\":{\"@id\":\"https:\\\/\\\/cc-qrga.fr\\\/virginie-etienne\\\/#primaryimage\"},\"thumbnailUrl\":\"https:\\\/\\\/cc-qrga.fr\\\/wp-content\\\/uploads\\\/2023\\\/01\\\/photo1-11.jpg\",\"datePublished\":\"2022-11-08T10:54:00+00:00\",\"dateModified\":\"2023-01-10T10:57:00+00:00\",\"author\":{\"@id\":\"https:\\\/\\\/cc-qrga.fr\\\/#\\\/schema\\\/person\\\/b0e22bcd3af3c03195b8c19300c63c83\"},\"breadcrumb\":{\"@id\":\"https:\\\/\\\/cc-qrga.fr\\\/virginie-etienne\\\/#breadcrumb\"},\"inLanguage\":\"es\",\"potentialAction\":[{\"@type\":\"ReadAction\",\"target\":[\"https:\\\/\\\/cc-qrga.fr\\\/virginie-etienne\\\/\"]}]},{\"@type\":\"ImageObject\",\"inLanguage\":\"es\",\"@id\":\"https:\\\/\\\/cc-qrga.fr\\\/virginie-etienne\\\/#primaryimage\",\"url\":\"https:\\\/\\\/cc-qrga.fr\\\/wp-content\\\/uploads\\\/2023\\\/01\\\/photo1-11.jpg\",\"contentUrl\":\"https:\\\/\\\/cc-qrga.fr\\\/wp-content\\\/uploads\\\/2023\\\/01\\\/photo1-11.jpg\",\"width\":480,\"height\":640},{\"@type\":\"BreadcrumbList\",\"@id\":\"https:\\\/\\\/cc-qrga.fr\\\/virginie-etienne\\\/#breadcrumb\",\"itemListElement\":[{\"@type\":\"ListItem\",\"position\":1,\"name\":\"Accueil\",\"item\":\"https:\\\/\\\/cc-qrga.fr\\\/\"},{\"@type\":\"ListItem\",\"position\":2,\"name\":\"[Virginie &amp; \u00c9tienne]\"}]},{\"@type\":\"WebSite\",\"@id\":\"https:\\\/\\\/cc-qrga.fr\\\/#website\",\"url\":\"https:\\\/\\\/cc-qrga.fr\\\/\",\"name\":\"Communaut\u00e9 de communes du Quercy Rouergue et des Gorges de l&#039;Aveyron\",\"description\":\"qrga\",\"potentialAction\":[{\"@type\":\"SearchAction\",\"target\":{\"@type\":\"EntryPoint\",\"urlTemplate\":\"https:\\\/\\\/cc-qrga.fr\\\/?s={search_term_string}\"},\"query-input\":{\"@type\":\"PropertyValueSpecification\",\"valueRequired\":true,\"valueName\":\"search_term_string\"}}],\"inLanguage\":\"es\"},{\"@type\":\"Person\",\"@id\":\"https:\\\/\\\/cc-qrga.fr\\\/#\\\/schema\\\/person\\\/b0e22bcd3af3c03195b8c19300c63c83\",\"name\":\"AmbreR\",\"image\":{\"@type\":\"ImageObject\",\"inLanguage\":\"es\",\"@id\":\"https:\\\/\\\/secure.gravatar.com\\\/avatar\\\/a608f1f3bf9830730e4f923d7f6776c55eeeb7933c69f3140a36703e6230ac66?s=96&d=mm&r=g\",\"url\":\"https:\\\/\\\/secure.gravatar.com\\\/avatar\\\/a608f1f3bf9830730e4f923d7f6776c55eeeb7933c69f3140a36703e6230ac66?s=96&d=mm&r=g\",\"contentUrl\":\"https:\\\/\\\/secure.gravatar.com\\\/avatar\\\/a608f1f3bf9830730e4f923d7f6776c55eeeb7933c69f3140a36703e6230ac66?s=96&d=mm&r=g\",\"caption\":\"AmbreR\"},\"url\":\"https:\\\/\\\/cc-qrga.fr\\\/es\\\/author\\\/ambrer\\\/\"}]}<\/script>\n<!-- \/ Yoast SEO plugin. -->","yoast_head_json":{"title":"[Virginie &amp; \u00c9tienne] - Communaut\u00e9 de communes du Quercy Rouergue et des Gorges de l&#039;Aveyron","robots":{"index":"index","follow":"follow","max-snippet":"max-snippet:-1","max-image-preview":"max-image-preview:large","max-video-preview":"max-video-preview:-1"},"canonical":"https:\/\/cc-qrga.fr\/es\/virginie-etienne\/","og_locale":"es_ES","og_type":"article","og_title":"[Virginie &amp; \u00c9tienne] - Communaut\u00e9 de communes du Quercy Rouergue et des Gorges de l&#039;Aveyron","og_description":"Virginie et \u00c9tienne vous accueillent dans leur restaurant Fourchettes et Cie \u00e0 Parisot ! Ils vous proposent des petits plats faits maison avec des produits frais. Jours d&rsquo;ouverture : R\u00e9servation recommand\u00e9e pour le service du soir au 05 63 64 05 41 Retrouvez leurs cr\u00e9ations, dans le salon de th\u00e9, de Abbaye de Beaulieu Centre [&hellip;]","og_url":"https:\/\/cc-qrga.fr\/es\/virginie-etienne\/","og_site_name":"Communaut\u00e9 de communes du Quercy Rouergue et des Gorges de l&#039;Aveyron","article_published_time":"2022-11-08T10:54:00+00:00","article_modified_time":"2023-01-10T10:57:00+00:00","og_image":[{"width":480,"height":640,"url":"https:\/\/cc-qrga.fr\/wp-content\/uploads\/2023\/01\/photo1-11.jpg","type":"image\/jpeg"}],"author":"AmbreR","twitter_card":"summary_large_image","twitter_misc":{"Escrito por":"AmbreR","Tiempo de lectura":"3 minutos"},"schema":{"@context":"https:\/\/schema.org","@graph":[{"@type":"Article","@id":"https:\/\/cc-qrga.fr\/virginie-etienne\/#article","isPartOf":{"@id":"https:\/\/cc-qrga.fr\/virginie-etienne\/"},"author":{"name":"AmbreR","@id":"https:\/\/cc-qrga.fr\/#\/schema\/person\/b0e22bcd3af3c03195b8c19300c63c83"},"headline":"[Virginie &amp; \u00c9tienne]","datePublished":"2022-11-08T10:54:00+00:00","dateModified":"2023-01-10T10:57:00+00:00","mainEntityOfPage":{"@id":"https:\/\/cc-qrga.fr\/virginie-etienne\/"},"wordCount":82,"image":{"@id":"https:\/\/cc-qrga.fr\/virginie-etienne\/#primaryimage"},"thumbnailUrl":"https:\/\/cc-qrga.fr\/wp-content\/uploads\/2023\/01\/photo1-11.jpg","keywords":["commer\u00e7ant","Fourchette et cie","Parisot","restaurant","Virginie et Etienne"],"articleSection":["Parisot","Portrait commercant"],"inLanguage":"es"},{"@type":"WebPage","@id":"https:\/\/cc-qrga.fr\/virginie-etienne\/","url":"https:\/\/cc-qrga.fr\/virginie-etienne\/","name":"[Virginie &amp; \u00c9tienne] - Communaut\u00e9 de communes du Quercy Rouergue et des Gorges de l&#039;Aveyron","isPartOf":{"@id":"https:\/\/cc-qrga.fr\/#website"},"primaryImageOfPage":{"@id":"https:\/\/cc-qrga.fr\/virginie-etienne\/#primaryimage"},"image":{"@id":"https:\/\/cc-qrga.fr\/virginie-etienne\/#primaryimage"},"thumbnailUrl":"https:\/\/cc-qrga.fr\/wp-content\/uploads\/2023\/01\/photo1-11.jpg","datePublished":"2022-11-08T10:54:00+00:00","dateModified":"2023-01-10T10:57:00+00:00","author":{"@id":"https:\/\/cc-qrga.fr\/#\/schema\/person\/b0e22bcd3af3c03195b8c19300c63c83"},"breadcrumb":{"@id":"https:\/\/cc-qrga.fr\/virginie-etienne\/#breadcrumb"},"inLanguage":"es","potentialAction":[{"@type":"ReadAction","target":["https:\/\/cc-qrga.fr\/virginie-etienne\/"]}]},{"@type":"ImageObject","inLanguage":"es","@id":"https:\/\/cc-qrga.fr\/virginie-etienne\/#primaryimage","url":"https:\/\/cc-qrga.fr\/wp-content\/uploads\/2023\/01\/photo1-11.jpg","contentUrl":"https:\/\/cc-qrga.fr\/wp-content\/uploads\/2023\/01\/photo1-11.jpg","width":480,"height":640},{"@type":"BreadcrumbList","@id":"https:\/\/cc-qrga.fr\/virginie-etienne\/#breadcrumb","itemListElement":[{"@type":"ListItem","position":1,"name":"Accueil","item":"https:\/\/cc-qrga.fr\/"},{"@type":"ListItem","position":2,"name":"[Virginie &amp; \u00c9tienne]"}]},{"@type":"WebSite","@id":"https:\/\/cc-qrga.fr\/#website","url":"https:\/\/cc-qrga.fr\/","name":"Mancomunidad de municipios de Quercy Rouergue y Gargantas del Aveyron","description":"qrga","potentialAction":[{"@type":"SearchAction","target":{"@type":"EntryPoint","urlTemplate":"https:\/\/cc-qrga.fr\/?s={search_term_string}"},"query-input":{"@type":"PropertyValueSpecification","valueRequired":true,"valueName":"search_term_string"}}],"inLanguage":"es"},{"@type":"Person","@id":"https:\/\/cc-qrga.fr\/#\/schema\/person\/b0e22bcd3af3c03195b8c19300c63c83","name":"AmbreR","image":{"@type":"ImageObject","inLanguage":"es","@id":"https:\/\/secure.gravatar.com\/avatar\/a608f1f3bf9830730e4f923d7f6776c55eeeb7933c69f3140a36703e6230ac66?s=96&d=mm&r=g","url":"https:\/\/secure.gravatar.com\/avatar\/a608f1f3bf9830730e4f923d7f6776c55eeeb7933c69f3140a36703e6230ac66?s=96&d=mm&r=g","contentUrl":"https:\/\/secure.gravatar.com\/avatar\/a608f1f3bf9830730e4f923d7f6776c55eeeb7933c69f3140a36703e6230ac66?s=96&d=mm&r=g","caption":"AmbreR"},"url":"https:\/\/cc-qrga.fr\/es\/author\/ambrer\/"}]}},"views":2792,"_links":{"self":[{"href":"https:\/\/cc-qrga.fr\/es\/wp-json\/wp\/v2\/posts\/19314","targetHints":{"allow":["GET"]}}],"collection":[{"href":"https:\/\/cc-qrga.fr\/es\/wp-json\/wp\/v2\/posts"}],"about":[{"href":"https:\/\/cc-qrga.fr\/es\/wp-json\/wp\/v2\/types\/post"}],"author":[{"embeddable":true,"href":"https:\/\/cc-qrga.fr\/es\/wp-json\/wp\/v2\/users\/18"}],"replies":[{"embeddable":true,"href":"https:\/\/cc-qrga.fr\/es\/wp-json\/wp\/v2\/comments?post=19314"}],"version-history":[{"count":0,"href":"https:\/\/cc-qrga.fr\/es\/wp-json\/wp\/v2\/posts\/19314\/revisions"}],"wp:featuredmedia":[{"embeddable":true,"href":"https:\/\/cc-qrga.fr\/es\/wp-json\/wp\/v2\/media\/19315"}],"wp:attachment":[{"href":"https:\/\/cc-qrga.fr\/es\/wp-json\/wp\/v2\/media?parent=19314"}],"wp:term":[{"taxonomy":"category","embeddable":true,"href":"https:\/\/cc-qrga.fr\/es\/wp-json\/wp\/v2\/categories?post=19314"},{"taxonomy":"post_tag","embeddable":true,"href":"https:\/\/cc-qrga.fr\/es\/wp-json\/wp\/v2\/tags?post=19314"}],"curies":[{"name":"wp","href":"https:\/\/api.w.org\/{rel}","templated":true}]}}