{"id":22117,"date":"2023-11-13T10:44:26","date_gmt":"2023-11-13T09:44:26","guid":{"rendered":"https:\/\/cc-qrga.fr\/?p=22117"},"modified":"2024-07-08T16:20:48","modified_gmt":"2024-07-08T14:20:48","slug":"service-enfance-jeunesse","status":"publish","type":"post","link":"https:\/\/cc-qrga.fr\/es\/service-enfance-jeunesse\/","title":{"rendered":"Service enfance &#038; Jeunesse"},"content":{"rendered":"<p><\/p>\n\n\n\n<p><strong>Un recordatorio r\u00e1pido:<\/strong> <\/p>\n\n\n\n<p>Encontrar\u00e1 todos los programas ALSH, Local jeunes, LAEP y mucha m\u00e1s informaci\u00f3n en la p\u00e1gina web dedicada a sus servicios.<\/p>\n\n\n\n<p>Los programas de vacaciones de invierno ya est\u00e1n en l\u00ednea.<\/p>\n\n\n\n<div class=\"wp-block-buttons is-layout-flex wp-block-buttons-is-layout-flex\">\n<div class=\"wp-block-button\"><a class=\"wp-block-button__link has-vivid-cyan-blue-background-color has-background wp-element-button\" href=\"https:\/\/cc-qrga.fr\/es\/enfancejeunesse\/\">Ni\u00f1os y j\u00f3venes<\/a><\/div>\n<\/div>\n\n\n\n<p><\/p>","protected":false},"excerpt":{"rendered":"<p>Petit rappel : Retrouvez tous les programmes ALSH, Local jeunes, LAEP et plein d&rsquo;autres informations sur le site d\u00e9di\u00e9 \u00e0 leur service. Les programmes des vacances d&rsquo;hiver sont actuellement en ligne !<\/p>","protected":false},"author":22,"featured_media":22324,"comment_status":"closed","ping_status":"closed","sticky":false,"template":"","format":"standard","meta":{"footnotes":""},"categories":[175],"tags":[61,173,73,66],"class_list":["post-22117","post","type-post","status-publish","format-standard","has-post-thumbnail","hentry","category-enfance-jeunesse","tag-caylus","tag-laguepie-2","tag-parisot","tag-saint-antonin"],"yoast_head":"<!-- This site is optimized with the Yoast SEO plugin v27.5 - https:\/\/yoast.com\/product\/yoast-seo-wordpress\/ -->\n<title>Service enfance &amp; Jeunesse - Communaut\u00e9 de communes du Quercy Rouergue et des Gorges de l&#039;Aveyron<\/title>\n<meta name=\"robots\" content=\"index, follow, max-snippet:-1, max-image-preview:large, max-video-preview:-1\" \/>\n<link rel=\"canonical\" href=\"https:\/\/cc-qrga.fr\/es\/service-enfance-jeunesse\/\" \/>\n<meta property=\"og:locale\" content=\"es_ES\" \/>\n<meta property=\"og:type\" content=\"article\" \/>\n<meta property=\"og:title\" content=\"Service enfance &amp; Jeunesse - Communaut\u00e9 de communes du Quercy Rouergue et des Gorges de l&#039;Aveyron\" \/>\n<meta property=\"og:description\" content=\"Petit rappel : Retrouvez tous les programmes ALSH, Local jeunes, LAEP et plein d&rsquo;autres informations sur le site d\u00e9di\u00e9 \u00e0 leur service. Les programmes des vacances d&rsquo;hiver sont actuellement en ligne !\" \/>\n<meta property=\"og:url\" content=\"https:\/\/cc-qrga.fr\/es\/service-enfance-jeunesse\/\" \/>\n<meta property=\"og:site_name\" content=\"Communaut\u00e9 de communes du Quercy Rouergue et des Gorges de l&#039;Aveyron\" \/>\n<meta property=\"article:published_time\" content=\"2023-11-13T09:44:26+00:00\" \/>\n<meta property=\"article:modified_time\" content=\"2024-07-08T14:20:48+00:00\" \/>\n<meta property=\"og:image\" content=\"https:\/\/cc-qrga.fr\/wp-content\/uploads\/2023\/10\/Mercredis-novembre-decembre-2023.png\" \/>\n\t<meta property=\"og:image:width\" content=\"1319\" \/>\n\t<meta property=\"og:image:height\" content=\"879\" \/>\n\t<meta property=\"og:image:type\" content=\"image\/png\" \/>\n<meta name=\"author\" content=\"Admin-qrga\" \/>\n<meta name=\"twitter:card\" content=\"summary_large_image\" \/>\n<meta name=\"twitter:label1\" content=\"Escrito por\" \/>\n\t<meta name=\"twitter:data1\" content=\"Admin-qrga\" \/>\n\t<meta name=\"twitter:label2\" content=\"Tiempo de lectura\" \/>\n\t<meta name=\"twitter:data2\" content=\"1 minuto\" \/>\n<script type=\"application\/ld+json\" class=\"yoast-schema-graph\">{\"@context\":\"https:\\\/\\\/schema.org\",\"@graph\":[{\"@type\":\"Article\",\"@id\":\"https:\\\/\\\/cc-qrga.fr\\\/service-enfance-jeunesse\\\/#article\",\"isPartOf\":{\"@id\":\"https:\\\/\\\/cc-qrga.fr\\\/service-enfance-jeunesse\\\/\"},\"author\":{\"name\":\"Admin-qrga\",\"@id\":\"https:\\\/\\\/cc-qrga.fr\\\/#\\\/schema\\\/person\\\/0534c934ff05dc3463fda7246dfbf78c\"},\"headline\":\"Service enfance &#038; Jeunesse\",\"datePublished\":\"2023-11-13T09:44:26+00:00\",\"dateModified\":\"2024-07-08T14:20:48+00:00\",\"mainEntityOfPage\":{\"@id\":\"https:\\\/\\\/cc-qrga.fr\\\/service-enfance-jeunesse\\\/\"},\"wordCount\":38,\"image\":{\"@id\":\"https:\\\/\\\/cc-qrga.fr\\\/service-enfance-jeunesse\\\/#primaryimage\"},\"thumbnailUrl\":\"https:\\\/\\\/cc-qrga.fr\\\/wp-content\\\/uploads\\\/2023\\\/10\\\/Mercredis-novembre-decembre-2023.png\",\"keywords\":[\"Caylus\",\"Lagu\u00e9pie\",\"Parisot\",\"saint-antonin\"],\"articleSection\":[\"Enfance &amp; Jeunesse\"],\"inLanguage\":\"es\"},{\"@type\":\"WebPage\",\"@id\":\"https:\\\/\\\/cc-qrga.fr\\\/service-enfance-jeunesse\\\/\",\"url\":\"https:\\\/\\\/cc-qrga.fr\\\/service-enfance-jeunesse\\\/\",\"name\":\"Service enfance & Jeunesse - Communaut\u00e9 de communes du Quercy Rouergue et des Gorges de l&#039;Aveyron\",\"isPartOf\":{\"@id\":\"https:\\\/\\\/cc-qrga.fr\\\/#website\"},\"primaryImageOfPage\":{\"@id\":\"https:\\\/\\\/cc-qrga.fr\\\/service-enfance-jeunesse\\\/#primaryimage\"},\"image\":{\"@id\":\"https:\\\/\\\/cc-qrga.fr\\\/service-enfance-jeunesse\\\/#primaryimage\"},\"thumbnailUrl\":\"https:\\\/\\\/cc-qrga.fr\\\/wp-content\\\/uploads\\\/2023\\\/10\\\/Mercredis-novembre-decembre-2023.png\",\"datePublished\":\"2023-11-13T09:44:26+00:00\",\"dateModified\":\"2024-07-08T14:20:48+00:00\",\"author\":{\"@id\":\"https:\\\/\\\/cc-qrga.fr\\\/#\\\/schema\\\/person\\\/0534c934ff05dc3463fda7246dfbf78c\"},\"breadcrumb\":{\"@id\":\"https:\\\/\\\/cc-qrga.fr\\\/service-enfance-jeunesse\\\/#breadcrumb\"},\"inLanguage\":\"es\",\"potentialAction\":[{\"@type\":\"ReadAction\",\"target\":[\"https:\\\/\\\/cc-qrga.fr\\\/service-enfance-jeunesse\\\/\"]}]},{\"@type\":\"ImageObject\",\"inLanguage\":\"es\",\"@id\":\"https:\\\/\\\/cc-qrga.fr\\\/service-enfance-jeunesse\\\/#primaryimage\",\"url\":\"https:\\\/\\\/cc-qrga.fr\\\/wp-content\\\/uploads\\\/2023\\\/10\\\/Mercredis-novembre-decembre-2023.png\",\"contentUrl\":\"https:\\\/\\\/cc-qrga.fr\\\/wp-content\\\/uploads\\\/2023\\\/10\\\/Mercredis-novembre-decembre-2023.png\",\"width\":1319,\"height\":879},{\"@type\":\"BreadcrumbList\",\"@id\":\"https:\\\/\\\/cc-qrga.fr\\\/service-enfance-jeunesse\\\/#breadcrumb\",\"itemListElement\":[{\"@type\":\"ListItem\",\"position\":1,\"name\":\"Accueil\",\"item\":\"https:\\\/\\\/cc-qrga.fr\\\/\"},{\"@type\":\"ListItem\",\"position\":2,\"name\":\"Service enfance &#038; Jeunesse\"}]},{\"@type\":\"WebSite\",\"@id\":\"https:\\\/\\\/cc-qrga.fr\\\/#website\",\"url\":\"https:\\\/\\\/cc-qrga.fr\\\/\",\"name\":\"Communaut\u00e9 de communes du Quercy Rouergue et des Gorges de l&#039;Aveyron\",\"description\":\"qrga\",\"potentialAction\":[{\"@type\":\"SearchAction\",\"target\":{\"@type\":\"EntryPoint\",\"urlTemplate\":\"https:\\\/\\\/cc-qrga.fr\\\/?s={search_term_string}\"},\"query-input\":{\"@type\":\"PropertyValueSpecification\",\"valueRequired\":true,\"valueName\":\"search_term_string\"}}],\"inLanguage\":\"es\"},{\"@type\":\"Person\",\"@id\":\"https:\\\/\\\/cc-qrga.fr\\\/#\\\/schema\\\/person\\\/0534c934ff05dc3463fda7246dfbf78c\",\"name\":\"Admin-qrga\",\"image\":{\"@type\":\"ImageObject\",\"inLanguage\":\"es\",\"@id\":\"https:\\\/\\\/secure.gravatar.com\\\/avatar\\\/b1ed59fa15044c4de54dca402f86735ccb568f279efd2870789a0f3ac93512d2?s=96&d=mm&r=g\",\"url\":\"https:\\\/\\\/secure.gravatar.com\\\/avatar\\\/b1ed59fa15044c4de54dca402f86735ccb568f279efd2870789a0f3ac93512d2?s=96&d=mm&r=g\",\"contentUrl\":\"https:\\\/\\\/secure.gravatar.com\\\/avatar\\\/b1ed59fa15044c4de54dca402f86735ccb568f279efd2870789a0f3ac93512d2?s=96&d=mm&r=g\",\"caption\":\"Admin-qrga\"},\"url\":\"https:\\\/\\\/cc-qrga.fr\\\/es\\\/author\\\/admin-qrga\\\/\"}]}<\/script>\n<!-- \/ Yoast SEO plugin. -->","yoast_head_json":{"title":"Service enfance & Jeunesse - Communaut\u00e9 de communes du Quercy Rouergue et des Gorges de l&#039;Aveyron","robots":{"index":"index","follow":"follow","max-snippet":"max-snippet:-1","max-image-preview":"max-image-preview:large","max-video-preview":"max-video-preview:-1"},"canonical":"https:\/\/cc-qrga.fr\/es\/service-enfance-jeunesse\/","og_locale":"es_ES","og_type":"article","og_title":"Service enfance & Jeunesse - Communaut\u00e9 de communes du Quercy Rouergue et des Gorges de l&#039;Aveyron","og_description":"Petit rappel : Retrouvez tous les programmes ALSH, Local jeunes, LAEP et plein d&rsquo;autres informations sur le site d\u00e9di\u00e9 \u00e0 leur service. Les programmes des vacances d&rsquo;hiver sont actuellement en ligne !","og_url":"https:\/\/cc-qrga.fr\/es\/service-enfance-jeunesse\/","og_site_name":"Communaut\u00e9 de communes du Quercy Rouergue et des Gorges de l&#039;Aveyron","article_published_time":"2023-11-13T09:44:26+00:00","article_modified_time":"2024-07-08T14:20:48+00:00","og_image":[{"width":1319,"height":879,"url":"https:\/\/cc-qrga.fr\/wp-content\/uploads\/2023\/10\/Mercredis-novembre-decembre-2023.png","type":"image\/png"}],"author":"Admin-qrga","twitter_card":"summary_large_image","twitter_misc":{"Escrito por":"Admin-qrga","Tiempo de lectura":"1 minuto"},"schema":{"@context":"https:\/\/schema.org","@graph":[{"@type":"Article","@id":"https:\/\/cc-qrga.fr\/service-enfance-jeunesse\/#article","isPartOf":{"@id":"https:\/\/cc-qrga.fr\/service-enfance-jeunesse\/"},"author":{"name":"Admin-qrga","@id":"https:\/\/cc-qrga.fr\/#\/schema\/person\/0534c934ff05dc3463fda7246dfbf78c"},"headline":"Service enfance &#038; Jeunesse","datePublished":"2023-11-13T09:44:26+00:00","dateModified":"2024-07-08T14:20:48+00:00","mainEntityOfPage":{"@id":"https:\/\/cc-qrga.fr\/service-enfance-jeunesse\/"},"wordCount":38,"image":{"@id":"https:\/\/cc-qrga.fr\/service-enfance-jeunesse\/#primaryimage"},"thumbnailUrl":"https:\/\/cc-qrga.fr\/wp-content\/uploads\/2023\/10\/Mercredis-novembre-decembre-2023.png","keywords":["Caylus","Lagu\u00e9pie","Parisot","saint-antonin"],"articleSection":["Enfance &amp; Jeunesse"],"inLanguage":"es"},{"@type":"WebPage","@id":"https:\/\/cc-qrga.fr\/service-enfance-jeunesse\/","url":"https:\/\/cc-qrga.fr\/service-enfance-jeunesse\/","name":"Service enfance & Jeunesse - Communaut\u00e9 de communes du Quercy Rouergue et des Gorges de l&#039;Aveyron","isPartOf":{"@id":"https:\/\/cc-qrga.fr\/#website"},"primaryImageOfPage":{"@id":"https:\/\/cc-qrga.fr\/service-enfance-jeunesse\/#primaryimage"},"image":{"@id":"https:\/\/cc-qrga.fr\/service-enfance-jeunesse\/#primaryimage"},"thumbnailUrl":"https:\/\/cc-qrga.fr\/wp-content\/uploads\/2023\/10\/Mercredis-novembre-decembre-2023.png","datePublished":"2023-11-13T09:44:26+00:00","dateModified":"2024-07-08T14:20:48+00:00","author":{"@id":"https:\/\/cc-qrga.fr\/#\/schema\/person\/0534c934ff05dc3463fda7246dfbf78c"},"breadcrumb":{"@id":"https:\/\/cc-qrga.fr\/service-enfance-jeunesse\/#breadcrumb"},"inLanguage":"es","potentialAction":[{"@type":"ReadAction","target":["https:\/\/cc-qrga.fr\/service-enfance-jeunesse\/"]}]},{"@type":"ImageObject","inLanguage":"es","@id":"https:\/\/cc-qrga.fr\/service-enfance-jeunesse\/#primaryimage","url":"https:\/\/cc-qrga.fr\/wp-content\/uploads\/2023\/10\/Mercredis-novembre-decembre-2023.png","contentUrl":"https:\/\/cc-qrga.fr\/wp-content\/uploads\/2023\/10\/Mercredis-novembre-decembre-2023.png","width":1319,"height":879},{"@type":"BreadcrumbList","@id":"https:\/\/cc-qrga.fr\/service-enfance-jeunesse\/#breadcrumb","itemListElement":[{"@type":"ListItem","position":1,"name":"Accueil","item":"https:\/\/cc-qrga.fr\/"},{"@type":"ListItem","position":2,"name":"Service enfance &#038; Jeunesse"}]},{"@type":"WebSite","@id":"https:\/\/cc-qrga.fr\/#website","url":"https:\/\/cc-qrga.fr\/","name":"Mancomunidad de municipios de Quercy Rouergue y Gargantas del Aveyron","description":"qrga","potentialAction":[{"@type":"SearchAction","target":{"@type":"EntryPoint","urlTemplate":"https:\/\/cc-qrga.fr\/?s={search_term_string}"},"query-input":{"@type":"PropertyValueSpecification","valueRequired":true,"valueName":"search_term_string"}}],"inLanguage":"es"},{"@type":"Person","@id":"https:\/\/cc-qrga.fr\/#\/schema\/person\/0534c934ff05dc3463fda7246dfbf78c","name":"Admin-qrga","image":{"@type":"ImageObject","inLanguage":"es","@id":"https:\/\/secure.gravatar.com\/avatar\/b1ed59fa15044c4de54dca402f86735ccb568f279efd2870789a0f3ac93512d2?s=96&d=mm&r=g","url":"https:\/\/secure.gravatar.com\/avatar\/b1ed59fa15044c4de54dca402f86735ccb568f279efd2870789a0f3ac93512d2?s=96&d=mm&r=g","contentUrl":"https:\/\/secure.gravatar.com\/avatar\/b1ed59fa15044c4de54dca402f86735ccb568f279efd2870789a0f3ac93512d2?s=96&d=mm&r=g","caption":"Admin-qrga"},"url":"https:\/\/cc-qrga.fr\/es\/author\/admin-qrga\/"}]}},"views":1350,"_links":{"self":[{"href":"https:\/\/cc-qrga.fr\/es\/wp-json\/wp\/v2\/posts\/22117","targetHints":{"allow":["GET"]}}],"collection":[{"href":"https:\/\/cc-qrga.fr\/es\/wp-json\/wp\/v2\/posts"}],"about":[{"href":"https:\/\/cc-qrga.fr\/es\/wp-json\/wp\/v2\/types\/post"}],"author":[{"embeddable":true,"href":"https:\/\/cc-qrga.fr\/es\/wp-json\/wp\/v2\/users\/22"}],"replies":[{"embeddable":true,"href":"https:\/\/cc-qrga.fr\/es\/wp-json\/wp\/v2\/comments?post=22117"}],"version-history":[{"count":0,"href":"https:\/\/cc-qrga.fr\/es\/wp-json\/wp\/v2\/posts\/22117\/revisions"}],"wp:featuredmedia":[{"embeddable":true,"href":"https:\/\/cc-qrga.fr\/es\/wp-json\/wp\/v2\/media\/22324"}],"wp:attachment":[{"href":"https:\/\/cc-qrga.fr\/es\/wp-json\/wp\/v2\/media?parent=22117"}],"wp:term":[{"taxonomy":"category","embeddable":true,"href":"https:\/\/cc-qrga.fr\/es\/wp-json\/wp\/v2\/categories?post=22117"},{"taxonomy":"post_tag","embeddable":true,"href":"https:\/\/cc-qrga.fr\/es\/wp-json\/wp\/v2\/tags?post=22117"}],"curies":[{"name":"wp","href":"https:\/\/api.w.org\/{rel}","templated":true}]}}