{"id":22229,"date":"2023-10-18T16:04:13","date_gmt":"2023-10-18T14:04:13","guid":{"rendered":"https:\/\/cc-qrga.fr\/?p=22229"},"modified":"2024-07-08T14:50:11","modified_gmt":"2024-07-08T12:50:11","slug":"ordre-du-jour-du-conseil-communautaire-du-24-octobre-2023","status":"publish","type":"post","link":"https:\/\/cc-qrga.fr\/es\/ordre-du-jour-du-conseil-communautaire-du-24-octobre-2023\/","title":{"rendered":"Orden del d\u00eda de la reuni\u00f3n del Consejo Local del 24 de octubre de 2023"},"content":{"rendered":"<p>La reuni\u00f3n del Conseil Communautaire del martes 24 de octubre de 2023 se celebrar\u00e1 en la Salle des Congr\u00e8s de St Antonin Noble Val a las 18.00 horas.<\/p>\n\n\n\n<p>Orden del d\u00eda :<br>Nombramiento del secretario de la reuni\u00f3n<br>18:00 - 18:30: Presentaci\u00f3n por el Sr. Zamuner (DDFIP82) del informe de calidad contable de la entidad local.<\/p>\n\n\n\n<ol class=\"wp-block-list\">\n<li>Aprobaci\u00f3n del acta de la reuni\u00f3n del Consejo Comunitario del 12\/09\/2023<\/li>\n\n\n\n<li>Informe sobre las decisiones adoptadas por el Presidente en el \u00e1mbito de sus delegaciones.<\/li>\n\n\n\n<li>PRESUPUESTO<br>3.1. Aprobaci\u00f3n del informe de calidad contable presentado por la DDFIP82<br>3.2 Amortizaciones (Presupuesto general)<br>3,3 Amortizaciones (presupuesto OTI)<br>3.4. Amortizaciones (presupuesto AGUA)<br>3.5. Amortizaciones (presupuesto SANEAMIENTO)<\/li>\n\n\n\n<li>GROTTE DU BOSC<br>4.1. Modificaci\u00f3n del contrato de obras de alba\u00f1iler\u00eda para los talleres educativos<br>4.2 Renovaci\u00f3n de la solicitud de financiaci\u00f3n del Departamento (FDSE)<\/li>\n\n\n\n<li>TIERS LIEU - Modificaci\u00f3n del contrato de obras - Lote VRD para la Fabrique (retirada del dep\u00f3sito de recuperaci\u00f3n de aguas pluviales)<\/li>\n\n\n\n<li>GEMAPI<br>6.1. Reconocimiento del estatuto EPAGE de la asociaci\u00f3n mixta de la cuenca alta del Aveyron<br>6.2. CdC - Modificaci\u00f3n de la resoluci\u00f3n n\u00ba 2023_2757 por la que se nombran representantes en diversas comisiones y organismos externos (Nombramiento de delegados titulares y suplentes en el EPAGE Aveyron Aval).<\/li>\n\n\n\n<li>PETITES VILLES DEMAIN (PVD) - Modificaci\u00f3n del convenio de colaboraci\u00f3n con la EPF Occitanie para el municipio de Caylus a fin de tener en cuenta el per\u00edmetro ORT<\/li>\n\n\n\n<li>RESIDUOS DOM\u00c9STICOS - Exenci\u00f3n de la Tasa por Recogida de Residuos Dom\u00e9sticos (Actualizaci\u00f3n de la resoluci\u00f3n n\u00ba 405\/2005 de 23 de noviembre de 2005).<\/li>\n\n\n\n<li>AGUA POTABLE<br>9.1. Decisi\u00f3n rectificativa (regularizaci\u00f3n de facturas y condonaciones)<br>9.2. Solicitud de subvenci\u00f3n para las obras de renovaci\u00f3n de la red de Majac en el municipio de Parisot.<\/li>\n<\/ol>\n\n\n\n<p>9.3. Terminaci\u00f3n de la puesta a disposici\u00f3n de tres parcelas en St-Antonin-Noble-Val.<\/p>\n\n\n\n<ol class=\"wp-block-list\" start=\"10\">\n<li>OTI - Modificaci\u00f3n de la resoluci\u00f3n n\u00b0 2023-2740 del 04\/07\/2023 relativa a la candidatura a la convocatoria de proyectos P\u00f4le de Pleine Nature - Macizo Central - Temporada 2<\/li>\n\n\n\n<li>NI\u00d1OS Y J\u00d3VENES - Modificaci\u00f3n de los precios de los viajes de esqu\u00ed<\/li>\n\n\n\n<li>PETR - Aprobaci\u00f3n de un contrato sanitario local (CLS) para la regi\u00f3n Midi-Quercy)<\/li>\n\n\n\n<li>RECURSOS HUMANOS<br>13.1. SERVICIO DE AGUA Y SANEAMIENTO - modificaci\u00f3n del horario de trabajo de los empleados (Emeline a 35:00)<br>13.2 SERVICIO DE AGUA - Introducci\u00f3n del servicio de guardia (Tony ABRAN e Ibrahim SNANI DOUCET)<br>13.3. SERVICIO OTI - Creaci\u00f3n de un contrato de proyecto -cat A - Attach\u00e9 territorial (a ra\u00edz de una convocatoria de proyectos para el centro al aire libre)<br>13.4. RRHH - contrataci\u00f3n de trabajadores temporales para el servicio de la cueva del Bosc (Modifica la deliberaci\u00f3n n\u00ba 2023_2713)<\/li>\n<\/ol>\n\n\n\n<p>OTROS ASUNTOS<\/p>","protected":false},"excerpt":{"rendered":"<p>La reuni\u00f3n del Consejo Municipal del martes 24 de octubre de 2023 se celebrar\u00e1 en la Sala de Congresos de St Antonin Noble Val a las 18.00 horas. Orden del d\u00eda:Nombramiento del secretario de la reuni\u00f3n18.00 - 18.30: Presentaci\u00f3n por el Sr. Zamuner (DDFIP82) del informe de calidad contable de la colectividad. 9.3 Fin de la reuni\u00f3n.<\/p>","protected":false},"author":8,"featured_media":22905,"comment_status":"closed","ping_status":"closed","sticky":false,"template":"","format":"standard","meta":{"footnotes":""},"categories":[14,176,54],"tags":[],"class_list":["post-22229","post","type-post","status-publish","format-standard","has-post-thumbnail","hentry","category-conseils-communautaires","category-deliberations-arretes-decisions","category-ordre-du-jour"],"yoast_head":"<!-- This site is optimized with the Yoast SEO plugin v27.5 - https:\/\/yoast.com\/product\/yoast-seo-wordpress\/ -->\n<title>Ordre du jour du Conseil Communautaire du 24 octobre 2023 - Communaut\u00e9 de communes du Quercy Rouergue et des Gorges de l&#039;Aveyron<\/title>\n<meta name=\"robots\" content=\"index, follow, max-snippet:-1, max-image-preview:large, max-video-preview:-1\" \/>\n<link rel=\"canonical\" href=\"https:\/\/cc-qrga.fr\/es\/ordre-du-jour-du-conseil-communautaire-du-24-octobre-2023\/\" \/>\n<meta property=\"og:locale\" content=\"es_ES\" \/>\n<meta property=\"og:type\" content=\"article\" \/>\n<meta property=\"og:title\" content=\"Ordre du jour du Conseil Communautaire du 24 octobre 2023 - Communaut\u00e9 de communes du Quercy Rouergue et des Gorges de l&#039;Aveyron\" \/>\n<meta property=\"og:description\" content=\"Le Conseil Communautaire du Mardi 24 octobre 2023 se tiendra \u00e0 la salle des Congr\u00e8s de St Antonin Noble Val, \u00e0 18h00. Ordre du jour\u00a0:D\u00e9signation du ou de la secr\u00e9taire de s\u00e9ance18h \u2013 18h30 : Pr\u00e9sentation par M. Zamuner (DDFIP82) du bilan de la qualit\u00e9 comptable de la collectivit\u00e9. 9.3. Fin de la mise \u00e0 [&hellip;]\" \/>\n<meta property=\"og:url\" content=\"https:\/\/cc-qrga.fr\/es\/ordre-du-jour-du-conseil-communautaire-du-24-octobre-2023\/\" \/>\n<meta property=\"og:site_name\" content=\"Communaut\u00e9 de communes du Quercy Rouergue et des Gorges de l&#039;Aveyron\" \/>\n<meta property=\"article:published_time\" content=\"2023-10-18T14:04:13+00:00\" \/>\n<meta property=\"article:modified_time\" content=\"2024-07-08T12:50:11+00:00\" \/>\n<meta property=\"og:image\" content=\"https:\/\/cc-qrga.fr\/wp-content\/uploads\/2024\/01\/Ordre-du-jour-1.jpg\" \/>\n\t<meta property=\"og:image:width\" content=\"1200\" \/>\n\t<meta property=\"og:image:height\" content=\"628\" \/>\n\t<meta property=\"og:image:type\" content=\"image\/jpeg\" \/>\n<meta name=\"author\" content=\"Fran\u00e7ois-Xavier BONVOISIN\" \/>\n<meta name=\"twitter:card\" content=\"summary_large_image\" \/>\n<meta name=\"twitter:label1\" content=\"Escrito por\" \/>\n\t<meta name=\"twitter:data1\" content=\"Fran\u00e7ois-Xavier BONVOISIN\" \/>\n\t<meta name=\"twitter:label2\" content=\"Tiempo de lectura\" \/>\n\t<meta name=\"twitter:data2\" content=\"3 minutos\" \/>\n<script type=\"application\/ld+json\" class=\"yoast-schema-graph\">{\"@context\":\"https:\\\/\\\/schema.org\",\"@graph\":[{\"@type\":\"Article\",\"@id\":\"https:\\\/\\\/cc-qrga.fr\\\/ordre-du-jour-du-conseil-communautaire-du-24-octobre-2023\\\/#article\",\"isPartOf\":{\"@id\":\"https:\\\/\\\/cc-qrga.fr\\\/ordre-du-jour-du-conseil-communautaire-du-24-octobre-2023\\\/\"},\"author\":{\"name\":\"Fran\u00e7ois-Xavier BONVOISIN\",\"@id\":\"https:\\\/\\\/cc-qrga.fr\\\/#\\\/schema\\\/person\\\/a396ad261e91b15d6455bffd6c3a0371\"},\"headline\":\"Ordre du jour du Conseil Communautaire du 24 octobre 2023\",\"datePublished\":\"2023-10-18T14:04:13+00:00\",\"dateModified\":\"2024-07-08T12:50:11+00:00\",\"mainEntityOfPage\":{\"@id\":\"https:\\\/\\\/cc-qrga.fr\\\/ordre-du-jour-du-conseil-communautaire-du-24-octobre-2023\\\/\"},\"wordCount\":447,\"image\":{\"@id\":\"https:\\\/\\\/cc-qrga.fr\\\/ordre-du-jour-du-conseil-communautaire-du-24-octobre-2023\\\/#primaryimage\"},\"thumbnailUrl\":\"https:\\\/\\\/cc-qrga.fr\\\/wp-content\\\/uploads\\\/2024\\\/01\\\/Ordre-du-jour-1.jpg\",\"articleSection\":[\"Conseils communautaires\",\"D\u00e9lib\u00e9rations, arr\u00eat\u00e9s &amp; d\u00e9cisions\",\"Ordre du jour\"],\"inLanguage\":\"es\"},{\"@type\":\"WebPage\",\"@id\":\"https:\\\/\\\/cc-qrga.fr\\\/ordre-du-jour-du-conseil-communautaire-du-24-octobre-2023\\\/\",\"url\":\"https:\\\/\\\/cc-qrga.fr\\\/ordre-du-jour-du-conseil-communautaire-du-24-octobre-2023\\\/\",\"name\":\"Ordre du jour du Conseil Communautaire du 24 octobre 2023 - Communaut\u00e9 de communes du Quercy Rouergue et des Gorges de l&#039;Aveyron\",\"isPartOf\":{\"@id\":\"https:\\\/\\\/cc-qrga.fr\\\/#website\"},\"primaryImageOfPage\":{\"@id\":\"https:\\\/\\\/cc-qrga.fr\\\/ordre-du-jour-du-conseil-communautaire-du-24-octobre-2023\\\/#primaryimage\"},\"image\":{\"@id\":\"https:\\\/\\\/cc-qrga.fr\\\/ordre-du-jour-du-conseil-communautaire-du-24-octobre-2023\\\/#primaryimage\"},\"thumbnailUrl\":\"https:\\\/\\\/cc-qrga.fr\\\/wp-content\\\/uploads\\\/2024\\\/01\\\/Ordre-du-jour-1.jpg\",\"datePublished\":\"2023-10-18T14:04:13+00:00\",\"dateModified\":\"2024-07-08T12:50:11+00:00\",\"author\":{\"@id\":\"https:\\\/\\\/cc-qrga.fr\\\/#\\\/schema\\\/person\\\/a396ad261e91b15d6455bffd6c3a0371\"},\"breadcrumb\":{\"@id\":\"https:\\\/\\\/cc-qrga.fr\\\/ordre-du-jour-du-conseil-communautaire-du-24-octobre-2023\\\/#breadcrumb\"},\"inLanguage\":\"es\",\"potentialAction\":[{\"@type\":\"ReadAction\",\"target\":[\"https:\\\/\\\/cc-qrga.fr\\\/ordre-du-jour-du-conseil-communautaire-du-24-octobre-2023\\\/\"]}]},{\"@type\":\"ImageObject\",\"inLanguage\":\"es\",\"@id\":\"https:\\\/\\\/cc-qrga.fr\\\/ordre-du-jour-du-conseil-communautaire-du-24-octobre-2023\\\/#primaryimage\",\"url\":\"https:\\\/\\\/cc-qrga.fr\\\/wp-content\\\/uploads\\\/2024\\\/01\\\/Ordre-du-jour-1.jpg\",\"contentUrl\":\"https:\\\/\\\/cc-qrga.fr\\\/wp-content\\\/uploads\\\/2024\\\/01\\\/Ordre-du-jour-1.jpg\",\"width\":1200,\"height\":628},{\"@type\":\"BreadcrumbList\",\"@id\":\"https:\\\/\\\/cc-qrga.fr\\\/ordre-du-jour-du-conseil-communautaire-du-24-octobre-2023\\\/#breadcrumb\",\"itemListElement\":[{\"@type\":\"ListItem\",\"position\":1,\"name\":\"Accueil\",\"item\":\"https:\\\/\\\/cc-qrga.fr\\\/\"},{\"@type\":\"ListItem\",\"position\":2,\"name\":\"Ordre du jour du Conseil Communautaire du 24 octobre 2023\"}]},{\"@type\":\"WebSite\",\"@id\":\"https:\\\/\\\/cc-qrga.fr\\\/#website\",\"url\":\"https:\\\/\\\/cc-qrga.fr\\\/\",\"name\":\"Communaut\u00e9 de communes du Quercy Rouergue et des Gorges de l&#039;Aveyron\",\"description\":\"qrga\",\"potentialAction\":[{\"@type\":\"SearchAction\",\"target\":{\"@type\":\"EntryPoint\",\"urlTemplate\":\"https:\\\/\\\/cc-qrga.fr\\\/?s={search_term_string}\"},\"query-input\":{\"@type\":\"PropertyValueSpecification\",\"valueRequired\":true,\"valueName\":\"search_term_string\"}}],\"inLanguage\":\"es\"},{\"@type\":\"Person\",\"@id\":\"https:\\\/\\\/cc-qrga.fr\\\/#\\\/schema\\\/person\\\/a396ad261e91b15d6455bffd6c3a0371\",\"name\":\"Fran\u00e7ois-Xavier BONVOISIN\",\"image\":{\"@type\":\"ImageObject\",\"inLanguage\":\"es\",\"@id\":\"https:\\\/\\\/secure.gravatar.com\\\/avatar\\\/5abc0de933258130898e1a26b040bf30fb0d27a515ff3be1264df4ac4b28a285?s=96&d=mm&r=g\",\"url\":\"https:\\\/\\\/secure.gravatar.com\\\/avatar\\\/5abc0de933258130898e1a26b040bf30fb0d27a515ff3be1264df4ac4b28a285?s=96&d=mm&r=g\",\"contentUrl\":\"https:\\\/\\\/secure.gravatar.com\\\/avatar\\\/5abc0de933258130898e1a26b040bf30fb0d27a515ff3be1264df4ac4b28a285?s=96&d=mm&r=g\",\"caption\":\"Fran\u00e7ois-Xavier BONVOISIN\"},\"url\":\"https:\\\/\\\/cc-qrga.fr\\\/es\\\/author\\\/bonvoisin\\\/\"}]}<\/script>\n<!-- \/ Yoast SEO plugin. -->","yoast_head_json":{"title":"Ordre du jour du Conseil Communautaire du 24 octobre 2023 - Communaut\u00e9 de communes du Quercy Rouergue et des Gorges de l&#039;Aveyron","robots":{"index":"index","follow":"follow","max-snippet":"max-snippet:-1","max-image-preview":"max-image-preview:large","max-video-preview":"max-video-preview:-1"},"canonical":"https:\/\/cc-qrga.fr\/es\/ordre-du-jour-du-conseil-communautaire-du-24-octobre-2023\/","og_locale":"es_ES","og_type":"article","og_title":"Ordre du jour du Conseil Communautaire du 24 octobre 2023 - Communaut\u00e9 de communes du Quercy Rouergue et des Gorges de l&#039;Aveyron","og_description":"Le Conseil Communautaire du Mardi 24 octobre 2023 se tiendra \u00e0 la salle des Congr\u00e8s de St Antonin Noble Val, \u00e0 18h00. Ordre du jour\u00a0:D\u00e9signation du ou de la secr\u00e9taire de s\u00e9ance18h \u2013 18h30 : Pr\u00e9sentation par M. Zamuner (DDFIP82) du bilan de la qualit\u00e9 comptable de la collectivit\u00e9. 9.3. Fin de la mise \u00e0 [&hellip;]","og_url":"https:\/\/cc-qrga.fr\/es\/ordre-du-jour-du-conseil-communautaire-du-24-octobre-2023\/","og_site_name":"Communaut\u00e9 de communes du Quercy Rouergue et des Gorges de l&#039;Aveyron","article_published_time":"2023-10-18T14:04:13+00:00","article_modified_time":"2024-07-08T12:50:11+00:00","og_image":[{"width":1200,"height":628,"url":"https:\/\/cc-qrga.fr\/wp-content\/uploads\/2024\/01\/Ordre-du-jour-1.jpg","type":"image\/jpeg"}],"author":"Fran\u00e7ois-Xavier BONVOISIN","twitter_card":"summary_large_image","twitter_misc":{"Escrito por":"Fran\u00e7ois-Xavier BONVOISIN","Tiempo de lectura":"3 minutos"},"schema":{"@context":"https:\/\/schema.org","@graph":[{"@type":"Article","@id":"https:\/\/cc-qrga.fr\/ordre-du-jour-du-conseil-communautaire-du-24-octobre-2023\/#article","isPartOf":{"@id":"https:\/\/cc-qrga.fr\/ordre-du-jour-du-conseil-communautaire-du-24-octobre-2023\/"},"author":{"name":"Fran\u00e7ois-Xavier BONVOISIN","@id":"https:\/\/cc-qrga.fr\/#\/schema\/person\/a396ad261e91b15d6455bffd6c3a0371"},"headline":"Ordre du jour du Conseil Communautaire du 24 octobre 2023","datePublished":"2023-10-18T14:04:13+00:00","dateModified":"2024-07-08T12:50:11+00:00","mainEntityOfPage":{"@id":"https:\/\/cc-qrga.fr\/ordre-du-jour-du-conseil-communautaire-du-24-octobre-2023\/"},"wordCount":447,"image":{"@id":"https:\/\/cc-qrga.fr\/ordre-du-jour-du-conseil-communautaire-du-24-octobre-2023\/#primaryimage"},"thumbnailUrl":"https:\/\/cc-qrga.fr\/wp-content\/uploads\/2024\/01\/Ordre-du-jour-1.jpg","articleSection":["Conseils communautaires","D\u00e9lib\u00e9rations, arr\u00eat\u00e9s &amp; d\u00e9cisions","Ordre du jour"],"inLanguage":"es"},{"@type":"WebPage","@id":"https:\/\/cc-qrga.fr\/ordre-du-jour-du-conseil-communautaire-du-24-octobre-2023\/","url":"https:\/\/cc-qrga.fr\/ordre-du-jour-du-conseil-communautaire-du-24-octobre-2023\/","name":"Ordre du jour du Conseil Communautaire du 24 octobre 2023 - Communaut\u00e9 de communes du Quercy Rouergue et des Gorges de l&#039;Aveyron","isPartOf":{"@id":"https:\/\/cc-qrga.fr\/#website"},"primaryImageOfPage":{"@id":"https:\/\/cc-qrga.fr\/ordre-du-jour-du-conseil-communautaire-du-24-octobre-2023\/#primaryimage"},"image":{"@id":"https:\/\/cc-qrga.fr\/ordre-du-jour-du-conseil-communautaire-du-24-octobre-2023\/#primaryimage"},"thumbnailUrl":"https:\/\/cc-qrga.fr\/wp-content\/uploads\/2024\/01\/Ordre-du-jour-1.jpg","datePublished":"2023-10-18T14:04:13+00:00","dateModified":"2024-07-08T12:50:11+00:00","author":{"@id":"https:\/\/cc-qrga.fr\/#\/schema\/person\/a396ad261e91b15d6455bffd6c3a0371"},"breadcrumb":{"@id":"https:\/\/cc-qrga.fr\/ordre-du-jour-du-conseil-communautaire-du-24-octobre-2023\/#breadcrumb"},"inLanguage":"es","potentialAction":[{"@type":"ReadAction","target":["https:\/\/cc-qrga.fr\/ordre-du-jour-du-conseil-communautaire-du-24-octobre-2023\/"]}]},{"@type":"ImageObject","inLanguage":"es","@id":"https:\/\/cc-qrga.fr\/ordre-du-jour-du-conseil-communautaire-du-24-octobre-2023\/#primaryimage","url":"https:\/\/cc-qrga.fr\/wp-content\/uploads\/2024\/01\/Ordre-du-jour-1.jpg","contentUrl":"https:\/\/cc-qrga.fr\/wp-content\/uploads\/2024\/01\/Ordre-du-jour-1.jpg","width":1200,"height":628},{"@type":"BreadcrumbList","@id":"https:\/\/cc-qrga.fr\/ordre-du-jour-du-conseil-communautaire-du-24-octobre-2023\/#breadcrumb","itemListElement":[{"@type":"ListItem","position":1,"name":"Accueil","item":"https:\/\/cc-qrga.fr\/"},{"@type":"ListItem","position":2,"name":"Ordre du jour du Conseil Communautaire du 24 octobre 2023"}]},{"@type":"WebSite","@id":"https:\/\/cc-qrga.fr\/#website","url":"https:\/\/cc-qrga.fr\/","name":"Mancomunidad de municipios de Quercy Rouergue y Gargantas del Aveyron","description":"qrga","potentialAction":[{"@type":"SearchAction","target":{"@type":"EntryPoint","urlTemplate":"https:\/\/cc-qrga.fr\/?s={search_term_string}"},"query-input":{"@type":"PropertyValueSpecification","valueRequired":true,"valueName":"search_term_string"}}],"inLanguage":"es"},{"@type":"Person","@id":"https:\/\/cc-qrga.fr\/#\/schema\/person\/a396ad261e91b15d6455bffd6c3a0371","name":"Fran\u00e7ois-Xavier BONVOISIN","image":{"@type":"ImageObject","inLanguage":"es","@id":"https:\/\/secure.gravatar.com\/avatar\/5abc0de933258130898e1a26b040bf30fb0d27a515ff3be1264df4ac4b28a285?s=96&d=mm&r=g","url":"https:\/\/secure.gravatar.com\/avatar\/5abc0de933258130898e1a26b040bf30fb0d27a515ff3be1264df4ac4b28a285?s=96&d=mm&r=g","contentUrl":"https:\/\/secure.gravatar.com\/avatar\/5abc0de933258130898e1a26b040bf30fb0d27a515ff3be1264df4ac4b28a285?s=96&d=mm&r=g","caption":"Fran\u00e7ois-Xavier BONVOISIN"},"url":"https:\/\/cc-qrga.fr\/es\/author\/bonvoisin\/"}]}},"views":4445,"_links":{"self":[{"href":"https:\/\/cc-qrga.fr\/es\/wp-json\/wp\/v2\/posts\/22229","targetHints":{"allow":["GET"]}}],"collection":[{"href":"https:\/\/cc-qrga.fr\/es\/wp-json\/wp\/v2\/posts"}],"about":[{"href":"https:\/\/cc-qrga.fr\/es\/wp-json\/wp\/v2\/types\/post"}],"author":[{"embeddable":true,"href":"https:\/\/cc-qrga.fr\/es\/wp-json\/wp\/v2\/users\/8"}],"replies":[{"embeddable":true,"href":"https:\/\/cc-qrga.fr\/es\/wp-json\/wp\/v2\/comments?post=22229"}],"version-history":[{"count":0,"href":"https:\/\/cc-qrga.fr\/es\/wp-json\/wp\/v2\/posts\/22229\/revisions"}],"wp:featuredmedia":[{"embeddable":true,"href":"https:\/\/cc-qrga.fr\/es\/wp-json\/wp\/v2\/media\/22905"}],"wp:attachment":[{"href":"https:\/\/cc-qrga.fr\/es\/wp-json\/wp\/v2\/media?parent=22229"}],"wp:term":[{"taxonomy":"category","embeddable":true,"href":"https:\/\/cc-qrga.fr\/es\/wp-json\/wp\/v2\/categories?post=22229"},{"taxonomy":"post_tag","embeddable":true,"href":"https:\/\/cc-qrga.fr\/es\/wp-json\/wp\/v2\/tags?post=22229"}],"curies":[{"name":"wp","href":"https:\/\/api.w.org\/{rel}","templated":true}]}}