{"id":23433,"date":"2024-04-03T15:19:59","date_gmt":"2024-04-03T13:19:59","guid":{"rendered":"https:\/\/cc-qrga.fr\/?p=23433"},"modified":"2024-07-08T14:49:00","modified_gmt":"2024-07-08T12:49:00","slug":"ordre-du-jour-du-conseil-communautaire-du-9-avril-2024","status":"publish","type":"post","link":"https:\/\/cc-qrga.fr\/es\/ordre-du-jour-du-conseil-communautaire-du-9-avril-2024\/","title":{"rendered":"Orden del d\u00eda de la reuni\u00f3n del Consejo Local del 9 de abril de 2024"},"content":{"rendered":"<p>La reuni\u00f3n del Conseil Communautaire del martes 9 de abril de 2024 se celebrar\u00e1 en la Salle des Congr\u00e8s de St Antonin Noble Val a las 18.00 horas.<\/p>\n\n\n\n<p>Orden del d\u00eda :<br>Nombramiento del secretario de la reuni\u00f3n<\/p>\n\n\n\n<ol class=\"wp-block-list\">\n<li>Aprobaci\u00f3n del acta de la reuni\u00f3n del Consejo Comunitario de 26\/03\/2024<\/li>\n\n\n\n<li>Informe sobre las decisiones adoptadas por el Presidente en el \u00e1mbito de sus delegaciones.<\/li>\n\n\n\n<li>PRESUPUESTO :<br>3.1. Votaci\u00f3n de los tipos impositivos locales (2024)<br>3.2. Votaci\u00f3n del tipo aplicable a la Taxe d'Enl\u00e8vement des Ordures M\u00e9nag\u00e8res (TEOM - tasa de recogida de basuras dom\u00e9sticas) de 2024<br>3.3. Votaci\u00f3n sobre el importe del impuesto GEMAPI (2024)<br>3.4. Voto Subvenci\u00f3n abonada al presupuesto de la Oficina Intercomunal de Turismo (OTI)<br>3.5. Votaci\u00f3n de la subvenci\u00f3n al presupuesto de tratamiento de aguas residuales<br>3.6. Subvenciones pagadas a guarder\u00edas locales<br>3.7. Suscripciones abonadas a las organizaciones asociadas a la CCQRGA<br>3.8. Voto Indemnizaciones compensatorias<br>3.9. Asignaci\u00f3n de los resultados de 2023<br>3.10. Votaci\u00f3n de los anteproyectos de presupuesto para 2024<\/li>\n\n\n\n<li>COMMUNAUTE DE COMMUNES<br>4.1 - CdC - Asignaci\u00f3n de una subvenci\u00f3n al municipio de Saint Antonin Noble Val para la construcci\u00f3n de un centro de salud multiprofesional.<br>4.2 - CdC - Modificaci\u00f3n de la resoluci\u00f3n n\u00ba 2024_2872 por la que se nombran representantes en diversas comisiones y \u00f3rganos externos (Nombramiento de representantes en el EREF QRGA)<\/li>\n\n\n\n<li>SUBVENCIONES - Asignaci\u00f3n de subvenciones por la Communaut\u00e9 de Communes a diversos agentes locales para 2024<\/li>\n\n\n\n<li>AGUA POTABLE<br>6.1. AGUA POTABLE - Tarifas del canon del agua 2024<\/li>\n<\/ol>\n\n\n\n<p>6.2. AGUA POTABLE - Tarifas con el municipio de SAINT MICHEL DE VAX<br>6.3. AGUA POTABLE - Tarifas con el municipio de PENNE<\/p>\n\n\n\n<ol class=\"wp-block-list\" start=\"7\">\n<li>SANEAMIENTO - Tarifas de las inspecciones colectivas y no colectivas de saneamiento 2024<\/li>\n<\/ol>\n\n\n\n<p>OTROS ASUNTOS<\/p>","protected":false},"excerpt":{"rendered":"<p>La reuni\u00f3n del Consejo de la Comunidad del martes 9 de abril de 2024 se celebrar\u00e1 en la Sala de Congresos de St Antonin Noble Val a las 18.00 horas. Orden del d\u00eda: Nombramiento del secretario de la reuni\u00f3n 6.2. AGUA POTABLE. AGUA POTABLE - Tarifas con el municipio de SAINT MICHEL DE VAX6.3. AGUA POTABLE - Tarifas con el municipio de PENNE PREGUNTAS [...]<\/p>","protected":false},"author":8,"featured_media":22905,"comment_status":"closed","ping_status":"closed","sticky":false,"template":"","format":"standard","meta":{"footnotes":""},"categories":[14,176,54],"tags":[],"class_list":["post-23433","post","type-post","status-publish","format-standard","has-post-thumbnail","hentry","category-conseils-communautaires","category-deliberations-arretes-decisions","category-ordre-du-jour"],"yoast_head":"<!-- This site is optimized with the Yoast SEO plugin v27.5 - https:\/\/yoast.com\/product\/yoast-seo-wordpress\/ -->\n<title>Ordre du jour du Conseil Communautaire du 9 avril 2024 - Communaut\u00e9 de communes du Quercy Rouergue et des Gorges de l&#039;Aveyron<\/title>\n<meta name=\"robots\" content=\"index, follow, max-snippet:-1, max-image-preview:large, max-video-preview:-1\" \/>\n<link rel=\"canonical\" href=\"https:\/\/cc-qrga.fr\/es\/ordre-du-jour-du-conseil-communautaire-du-9-avril-2024\/\" \/>\n<meta property=\"og:locale\" content=\"es_ES\" \/>\n<meta property=\"og:type\" content=\"article\" \/>\n<meta property=\"og:title\" content=\"Ordre du jour du Conseil Communautaire du 9 avril 2024 - Communaut\u00e9 de communes du Quercy Rouergue et des Gorges de l&#039;Aveyron\" \/>\n<meta property=\"og:description\" content=\"Le Conseil Communautaire du Mardi 9 avril 2024 se tiendra\u00a0\u00e0 la salle des Congr\u00e8s de St Antonin Noble Val, \u00e0 18h00. Ordre du jour :D\u00e9signation du ou de la secr\u00e9taire de s\u00e9ance 6.2. EAU POTABLE \u2013 Tarifs avec la commune de SAINT MICHEL DE VAX6.3. EAU POTABLE \u2013 Tarifs avec la commune de PENNE QUESTIONS [&hellip;]\" \/>\n<meta property=\"og:url\" content=\"https:\/\/cc-qrga.fr\/es\/ordre-du-jour-du-conseil-communautaire-du-9-avril-2024\/\" \/>\n<meta property=\"og:site_name\" content=\"Communaut\u00e9 de communes du Quercy Rouergue et des Gorges de l&#039;Aveyron\" \/>\n<meta property=\"article:published_time\" content=\"2024-04-03T13:19:59+00:00\" \/>\n<meta property=\"article:modified_time\" content=\"2024-07-08T12:49:00+00:00\" \/>\n<meta property=\"og:image\" content=\"https:\/\/cc-qrga.fr\/wp-content\/uploads\/2024\/01\/Ordre-du-jour-1.jpg\" \/>\n\t<meta property=\"og:image:width\" content=\"1200\" \/>\n\t<meta property=\"og:image:height\" content=\"628\" \/>\n\t<meta property=\"og:image:type\" content=\"image\/jpeg\" \/>\n<meta name=\"author\" content=\"Fran\u00e7ois-Xavier BONVOISIN\" \/>\n<meta name=\"twitter:card\" content=\"summary_large_image\" \/>\n<meta name=\"twitter:label1\" content=\"Escrito por\" \/>\n\t<meta name=\"twitter:data1\" content=\"Fran\u00e7ois-Xavier BONVOISIN\" \/>\n\t<meta name=\"twitter:label2\" content=\"Tiempo de lectura\" \/>\n\t<meta name=\"twitter:data2\" content=\"2 minutos\" \/>\n<script type=\"application\/ld+json\" class=\"yoast-schema-graph\">{\"@context\":\"https:\\\/\\\/schema.org\",\"@graph\":[{\"@type\":\"Article\",\"@id\":\"https:\\\/\\\/cc-qrga.fr\\\/ordre-du-jour-du-conseil-communautaire-du-9-avril-2024\\\/#article\",\"isPartOf\":{\"@id\":\"https:\\\/\\\/cc-qrga.fr\\\/ordre-du-jour-du-conseil-communautaire-du-9-avril-2024\\\/\"},\"author\":{\"name\":\"Fran\u00e7ois-Xavier BONVOISIN\",\"@id\":\"https:\\\/\\\/cc-qrga.fr\\\/#\\\/schema\\\/person\\\/a396ad261e91b15d6455bffd6c3a0371\"},\"headline\":\"Ordre du jour du Conseil Communautaire du 9 avril 2024\",\"datePublished\":\"2024-04-03T13:19:59+00:00\",\"dateModified\":\"2024-07-08T12:49:00+00:00\",\"mainEntityOfPage\":{\"@id\":\"https:\\\/\\\/cc-qrga.fr\\\/ordre-du-jour-du-conseil-communautaire-du-9-avril-2024\\\/\"},\"wordCount\":263,\"image\":{\"@id\":\"https:\\\/\\\/cc-qrga.fr\\\/ordre-du-jour-du-conseil-communautaire-du-9-avril-2024\\\/#primaryimage\"},\"thumbnailUrl\":\"https:\\\/\\\/cc-qrga.fr\\\/wp-content\\\/uploads\\\/2024\\\/01\\\/Ordre-du-jour-1.jpg\",\"articleSection\":[\"Conseils communautaires\",\"D\u00e9lib\u00e9rations, arr\u00eat\u00e9s &amp; d\u00e9cisions\",\"Ordre du jour\"],\"inLanguage\":\"es\"},{\"@type\":\"WebPage\",\"@id\":\"https:\\\/\\\/cc-qrga.fr\\\/ordre-du-jour-du-conseil-communautaire-du-9-avril-2024\\\/\",\"url\":\"https:\\\/\\\/cc-qrga.fr\\\/ordre-du-jour-du-conseil-communautaire-du-9-avril-2024\\\/\",\"name\":\"Ordre du jour du Conseil Communautaire du 9 avril 2024 - Communaut\u00e9 de communes du Quercy Rouergue et des Gorges de l&#039;Aveyron\",\"isPartOf\":{\"@id\":\"https:\\\/\\\/cc-qrga.fr\\\/#website\"},\"primaryImageOfPage\":{\"@id\":\"https:\\\/\\\/cc-qrga.fr\\\/ordre-du-jour-du-conseil-communautaire-du-9-avril-2024\\\/#primaryimage\"},\"image\":{\"@id\":\"https:\\\/\\\/cc-qrga.fr\\\/ordre-du-jour-du-conseil-communautaire-du-9-avril-2024\\\/#primaryimage\"},\"thumbnailUrl\":\"https:\\\/\\\/cc-qrga.fr\\\/wp-content\\\/uploads\\\/2024\\\/01\\\/Ordre-du-jour-1.jpg\",\"datePublished\":\"2024-04-03T13:19:59+00:00\",\"dateModified\":\"2024-07-08T12:49:00+00:00\",\"author\":{\"@id\":\"https:\\\/\\\/cc-qrga.fr\\\/#\\\/schema\\\/person\\\/a396ad261e91b15d6455bffd6c3a0371\"},\"breadcrumb\":{\"@id\":\"https:\\\/\\\/cc-qrga.fr\\\/ordre-du-jour-du-conseil-communautaire-du-9-avril-2024\\\/#breadcrumb\"},\"inLanguage\":\"es\",\"potentialAction\":[{\"@type\":\"ReadAction\",\"target\":[\"https:\\\/\\\/cc-qrga.fr\\\/ordre-du-jour-du-conseil-communautaire-du-9-avril-2024\\\/\"]}]},{\"@type\":\"ImageObject\",\"inLanguage\":\"es\",\"@id\":\"https:\\\/\\\/cc-qrga.fr\\\/ordre-du-jour-du-conseil-communautaire-du-9-avril-2024\\\/#primaryimage\",\"url\":\"https:\\\/\\\/cc-qrga.fr\\\/wp-content\\\/uploads\\\/2024\\\/01\\\/Ordre-du-jour-1.jpg\",\"contentUrl\":\"https:\\\/\\\/cc-qrga.fr\\\/wp-content\\\/uploads\\\/2024\\\/01\\\/Ordre-du-jour-1.jpg\",\"width\":1200,\"height\":628},{\"@type\":\"BreadcrumbList\",\"@id\":\"https:\\\/\\\/cc-qrga.fr\\\/ordre-du-jour-du-conseil-communautaire-du-9-avril-2024\\\/#breadcrumb\",\"itemListElement\":[{\"@type\":\"ListItem\",\"position\":1,\"name\":\"Accueil\",\"item\":\"https:\\\/\\\/cc-qrga.fr\\\/\"},{\"@type\":\"ListItem\",\"position\":2,\"name\":\"Ordre du jour du Conseil Communautaire du 9 avril 2024\"}]},{\"@type\":\"WebSite\",\"@id\":\"https:\\\/\\\/cc-qrga.fr\\\/#website\",\"url\":\"https:\\\/\\\/cc-qrga.fr\\\/\",\"name\":\"Communaut\u00e9 de communes du Quercy Rouergue et des Gorges de l&#039;Aveyron\",\"description\":\"qrga\",\"potentialAction\":[{\"@type\":\"SearchAction\",\"target\":{\"@type\":\"EntryPoint\",\"urlTemplate\":\"https:\\\/\\\/cc-qrga.fr\\\/?s={search_term_string}\"},\"query-input\":{\"@type\":\"PropertyValueSpecification\",\"valueRequired\":true,\"valueName\":\"search_term_string\"}}],\"inLanguage\":\"es\"},{\"@type\":\"Person\",\"@id\":\"https:\\\/\\\/cc-qrga.fr\\\/#\\\/schema\\\/person\\\/a396ad261e91b15d6455bffd6c3a0371\",\"name\":\"Fran\u00e7ois-Xavier BONVOISIN\",\"image\":{\"@type\":\"ImageObject\",\"inLanguage\":\"es\",\"@id\":\"https:\\\/\\\/secure.gravatar.com\\\/avatar\\\/5abc0de933258130898e1a26b040bf30fb0d27a515ff3be1264df4ac4b28a285?s=96&d=mm&r=g\",\"url\":\"https:\\\/\\\/secure.gravatar.com\\\/avatar\\\/5abc0de933258130898e1a26b040bf30fb0d27a515ff3be1264df4ac4b28a285?s=96&d=mm&r=g\",\"contentUrl\":\"https:\\\/\\\/secure.gravatar.com\\\/avatar\\\/5abc0de933258130898e1a26b040bf30fb0d27a515ff3be1264df4ac4b28a285?s=96&d=mm&r=g\",\"caption\":\"Fran\u00e7ois-Xavier BONVOISIN\"},\"url\":\"https:\\\/\\\/cc-qrga.fr\\\/es\\\/author\\\/bonvoisin\\\/\"}]}<\/script>\n<!-- \/ Yoast SEO plugin. -->","yoast_head_json":{"title":"Ordre du jour du Conseil Communautaire du 9 avril 2024 - Communaut\u00e9 de communes du Quercy Rouergue et des Gorges de l&#039;Aveyron","robots":{"index":"index","follow":"follow","max-snippet":"max-snippet:-1","max-image-preview":"max-image-preview:large","max-video-preview":"max-video-preview:-1"},"canonical":"https:\/\/cc-qrga.fr\/es\/ordre-du-jour-du-conseil-communautaire-du-9-avril-2024\/","og_locale":"es_ES","og_type":"article","og_title":"Ordre du jour du Conseil Communautaire du 9 avril 2024 - Communaut\u00e9 de communes du Quercy Rouergue et des Gorges de l&#039;Aveyron","og_description":"Le Conseil Communautaire du Mardi 9 avril 2024 se tiendra\u00a0\u00e0 la salle des Congr\u00e8s de St Antonin Noble Val, \u00e0 18h00. Ordre du jour :D\u00e9signation du ou de la secr\u00e9taire de s\u00e9ance 6.2. EAU POTABLE \u2013 Tarifs avec la commune de SAINT MICHEL DE VAX6.3. EAU POTABLE \u2013 Tarifs avec la commune de PENNE QUESTIONS [&hellip;]","og_url":"https:\/\/cc-qrga.fr\/es\/ordre-du-jour-du-conseil-communautaire-du-9-avril-2024\/","og_site_name":"Communaut\u00e9 de communes du Quercy Rouergue et des Gorges de l&#039;Aveyron","article_published_time":"2024-04-03T13:19:59+00:00","article_modified_time":"2024-07-08T12:49:00+00:00","og_image":[{"width":1200,"height":628,"url":"https:\/\/cc-qrga.fr\/wp-content\/uploads\/2024\/01\/Ordre-du-jour-1.jpg","type":"image\/jpeg"}],"author":"Fran\u00e7ois-Xavier BONVOISIN","twitter_card":"summary_large_image","twitter_misc":{"Escrito por":"Fran\u00e7ois-Xavier BONVOISIN","Tiempo de lectura":"2 minutos"},"schema":{"@context":"https:\/\/schema.org","@graph":[{"@type":"Article","@id":"https:\/\/cc-qrga.fr\/ordre-du-jour-du-conseil-communautaire-du-9-avril-2024\/#article","isPartOf":{"@id":"https:\/\/cc-qrga.fr\/ordre-du-jour-du-conseil-communautaire-du-9-avril-2024\/"},"author":{"name":"Fran\u00e7ois-Xavier BONVOISIN","@id":"https:\/\/cc-qrga.fr\/#\/schema\/person\/a396ad261e91b15d6455bffd6c3a0371"},"headline":"Ordre du jour du Conseil Communautaire du 9 avril 2024","datePublished":"2024-04-03T13:19:59+00:00","dateModified":"2024-07-08T12:49:00+00:00","mainEntityOfPage":{"@id":"https:\/\/cc-qrga.fr\/ordre-du-jour-du-conseil-communautaire-du-9-avril-2024\/"},"wordCount":263,"image":{"@id":"https:\/\/cc-qrga.fr\/ordre-du-jour-du-conseil-communautaire-du-9-avril-2024\/#primaryimage"},"thumbnailUrl":"https:\/\/cc-qrga.fr\/wp-content\/uploads\/2024\/01\/Ordre-du-jour-1.jpg","articleSection":["Conseils communautaires","D\u00e9lib\u00e9rations, arr\u00eat\u00e9s &amp; d\u00e9cisions","Ordre du jour"],"inLanguage":"es"},{"@type":"WebPage","@id":"https:\/\/cc-qrga.fr\/ordre-du-jour-du-conseil-communautaire-du-9-avril-2024\/","url":"https:\/\/cc-qrga.fr\/ordre-du-jour-du-conseil-communautaire-du-9-avril-2024\/","name":"Ordre du jour du Conseil Communautaire du 9 avril 2024 - Communaut\u00e9 de communes du Quercy Rouergue et des Gorges de l&#039;Aveyron","isPartOf":{"@id":"https:\/\/cc-qrga.fr\/#website"},"primaryImageOfPage":{"@id":"https:\/\/cc-qrga.fr\/ordre-du-jour-du-conseil-communautaire-du-9-avril-2024\/#primaryimage"},"image":{"@id":"https:\/\/cc-qrga.fr\/ordre-du-jour-du-conseil-communautaire-du-9-avril-2024\/#primaryimage"},"thumbnailUrl":"https:\/\/cc-qrga.fr\/wp-content\/uploads\/2024\/01\/Ordre-du-jour-1.jpg","datePublished":"2024-04-03T13:19:59+00:00","dateModified":"2024-07-08T12:49:00+00:00","author":{"@id":"https:\/\/cc-qrga.fr\/#\/schema\/person\/a396ad261e91b15d6455bffd6c3a0371"},"breadcrumb":{"@id":"https:\/\/cc-qrga.fr\/ordre-du-jour-du-conseil-communautaire-du-9-avril-2024\/#breadcrumb"},"inLanguage":"es","potentialAction":[{"@type":"ReadAction","target":["https:\/\/cc-qrga.fr\/ordre-du-jour-du-conseil-communautaire-du-9-avril-2024\/"]}]},{"@type":"ImageObject","inLanguage":"es","@id":"https:\/\/cc-qrga.fr\/ordre-du-jour-du-conseil-communautaire-du-9-avril-2024\/#primaryimage","url":"https:\/\/cc-qrga.fr\/wp-content\/uploads\/2024\/01\/Ordre-du-jour-1.jpg","contentUrl":"https:\/\/cc-qrga.fr\/wp-content\/uploads\/2024\/01\/Ordre-du-jour-1.jpg","width":1200,"height":628},{"@type":"BreadcrumbList","@id":"https:\/\/cc-qrga.fr\/ordre-du-jour-du-conseil-communautaire-du-9-avril-2024\/#breadcrumb","itemListElement":[{"@type":"ListItem","position":1,"name":"Accueil","item":"https:\/\/cc-qrga.fr\/"},{"@type":"ListItem","position":2,"name":"Ordre du jour du Conseil Communautaire du 9 avril 2024"}]},{"@type":"WebSite","@id":"https:\/\/cc-qrga.fr\/#website","url":"https:\/\/cc-qrga.fr\/","name":"Mancomunidad de municipios de Quercy Rouergue y Gargantas del Aveyron","description":"qrga","potentialAction":[{"@type":"SearchAction","target":{"@type":"EntryPoint","urlTemplate":"https:\/\/cc-qrga.fr\/?s={search_term_string}"},"query-input":{"@type":"PropertyValueSpecification","valueRequired":true,"valueName":"search_term_string"}}],"inLanguage":"es"},{"@type":"Person","@id":"https:\/\/cc-qrga.fr\/#\/schema\/person\/a396ad261e91b15d6455bffd6c3a0371","name":"Fran\u00e7ois-Xavier BONVOISIN","image":{"@type":"ImageObject","inLanguage":"es","@id":"https:\/\/secure.gravatar.com\/avatar\/5abc0de933258130898e1a26b040bf30fb0d27a515ff3be1264df4ac4b28a285?s=96&d=mm&r=g","url":"https:\/\/secure.gravatar.com\/avatar\/5abc0de933258130898e1a26b040bf30fb0d27a515ff3be1264df4ac4b28a285?s=96&d=mm&r=g","contentUrl":"https:\/\/secure.gravatar.com\/avatar\/5abc0de933258130898e1a26b040bf30fb0d27a515ff3be1264df4ac4b28a285?s=96&d=mm&r=g","caption":"Fran\u00e7ois-Xavier BONVOISIN"},"url":"https:\/\/cc-qrga.fr\/es\/author\/bonvoisin\/"}]}},"views":4108,"_links":{"self":[{"href":"https:\/\/cc-qrga.fr\/es\/wp-json\/wp\/v2\/posts\/23433","targetHints":{"allow":["GET"]}}],"collection":[{"href":"https:\/\/cc-qrga.fr\/es\/wp-json\/wp\/v2\/posts"}],"about":[{"href":"https:\/\/cc-qrga.fr\/es\/wp-json\/wp\/v2\/types\/post"}],"author":[{"embeddable":true,"href":"https:\/\/cc-qrga.fr\/es\/wp-json\/wp\/v2\/users\/8"}],"replies":[{"embeddable":true,"href":"https:\/\/cc-qrga.fr\/es\/wp-json\/wp\/v2\/comments?post=23433"}],"version-history":[{"count":0,"href":"https:\/\/cc-qrga.fr\/es\/wp-json\/wp\/v2\/posts\/23433\/revisions"}],"wp:featuredmedia":[{"embeddable":true,"href":"https:\/\/cc-qrga.fr\/es\/wp-json\/wp\/v2\/media\/22905"}],"wp:attachment":[{"href":"https:\/\/cc-qrga.fr\/es\/wp-json\/wp\/v2\/media?parent=23433"}],"wp:term":[{"taxonomy":"category","embeddable":true,"href":"https:\/\/cc-qrga.fr\/es\/wp-json\/wp\/v2\/categories?post=23433"},{"taxonomy":"post_tag","embeddable":true,"href":"https:\/\/cc-qrga.fr\/es\/wp-json\/wp\/v2\/tags?post=23433"}],"curies":[{"name":"wp","href":"https:\/\/api.w.org\/{rel}","templated":true}]}}