{"id":26545,"date":"2024-09-17T11:45:53","date_gmt":"2024-09-17T09:45:53","guid":{"rendered":"https:\/\/cc-qrga.fr\/?p=26545"},"modified":"2024-09-17T11:52:50","modified_gmt":"2024-09-17T09:52:50","slug":"41e-journees-europeennes-du-patrimoine-les-samedi-21-et-dimanche-22-septembre-2024","status":"publish","type":"post","link":"https:\/\/cc-qrga.fr\/es\/41e-journees-europeennes-du-patrimoine-les-samedi-21-et-dimanche-22-septembre-2024\/","title":{"rendered":"41\u00aa edici\u00f3n de las Jornadas Europeas del Patrimonio, s\u00e1bado 21 y domingo 22 de septiembre de 2024"},"content":{"rendered":"<div data-elementor-type=\"wp-post\" data-elementor-id=\"26545\" class=\"elementor elementor-26545\" data-elementor-post-type=\"post\">\n\t\t\t\t\t\t<section class=\"has_eae_slider elementor-section elementor-top-section elementor-element elementor-element-74977f00 elementor-section-boxed elementor-section-height-default elementor-section-height-default\" data-eae-slider=\"98471\" data-id=\"74977f00\" data-element_type=\"section\" data-e-type=\"section\">\n\t\t\t\t\t\t<div class=\"elementor-container elementor-column-gap-default\">\n\t\t\t\t\t<div class=\"has_eae_slider elementor-column elementor-col-50 elementor-top-column elementor-element elementor-element-411d9ded\" data-eae-slider=\"4643\" data-id=\"411d9ded\" data-element_type=\"column\" data-e-type=\"column\">\n\t\t\t<div class=\"elementor-widget-wrap elementor-element-populated\">\n\t\t\t\t\t\t<div class=\"elementor-element elementor-element-38b1698c elementor-widget elementor-widget-image\" data-id=\"38b1698c\" data-element_type=\"widget\" data-e-type=\"widget\" data-widget_type=\"image.default\">\n\t\t\t\t<div class=\"elementor-widget-container\">\n\t\t\t\t\t\t\t\t\t\t\t\t\t\t\t<img decoding=\"async\" width=\"300\" height=\"110\" src=\"https:\/\/cc-qrga.fr\/wp-content\/uploads\/2022\/08\/logo-pays-midi-quercy@2x-300x110-1.png\" class=\"attachment-large size-large wp-image-1691\" alt=\"\" \/>\t\t\t\t\t\t\t\t\t\t\t\t\t\t\t<\/div>\n\t\t\t\t<\/div>\n\t\t\t\t\t<\/div>\n\t\t<\/div>\n\t\t\t\t<div class=\"has_eae_slider elementor-column elementor-col-50 elementor-top-column elementor-element elementor-element-4c0fe431\" data-eae-slider=\"44893\" data-id=\"4c0fe431\" data-element_type=\"column\" data-e-type=\"column\">\n\t\t\t<div class=\"elementor-widget-wrap elementor-element-populated\">\n\t\t\t\t\t\t<div class=\"elementor-element elementor-element-3eeab5be elementor-widget elementor-widget-heading\" data-id=\"3eeab5be\" data-element_type=\"widget\" data-e-type=\"widget\" data-widget_type=\"heading.default\">\n\t\t\t\t<div class=\"elementor-widget-container\">\n\t\t\t\t\t<h2 class=\"elementor-heading-title elementor-size-default\">Patrimonio - Jornadas del Patrimonio en Midi-Quercy<\/h2>\t\t\t\t<\/div>\n\t\t\t\t<\/div>\n\t\t\t\t\t<\/div>\n\t\t<\/div>\n\t\t\t\t\t<\/div>\n\t\t<\/section>\n\t\t\t\t<section class=\"has_eae_slider elementor-section elementor-top-section elementor-element elementor-element-7fe94f15 elementor-section-boxed elementor-section-height-default elementor-section-height-default\" data-eae-slider=\"73257\" data-id=\"7fe94f15\" data-element_type=\"section\" data-e-type=\"section\">\n\t\t\t\t\t\t<div class=\"elementor-container elementor-column-gap-default\">\n\t\t\t\t\t<div class=\"has_eae_slider elementor-column elementor-col-100 elementor-top-column elementor-element elementor-element-62ce741e\" data-eae-slider=\"58949\" data-id=\"62ce741e\" data-element_type=\"column\" data-e-type=\"column\">\n\t\t\t<div class=\"elementor-widget-wrap elementor-element-populated\">\n\t\t\t\t\t\t<section class=\"has_eae_slider elementor-section elementor-inner-section elementor-element elementor-element-540e35bb elementor-section-boxed elementor-section-height-default elementor-section-height-default\" data-eae-slider=\"45138\" data-id=\"540e35bb\" data-element_type=\"section\" data-e-type=\"section\">\n\t\t\t\t\t\t<div class=\"elementor-container elementor-column-gap-default\">\n\t\t\t\t\t<div class=\"has_eae_slider elementor-column elementor-col-50 elementor-inner-column elementor-element elementor-element-a0fd2f0\" data-eae-slider=\"50212\" data-id=\"a0fd2f0\" data-element_type=\"column\" data-e-type=\"column\" data-settings=\"{&quot;background_background&quot;:&quot;slideshow&quot;,&quot;background_slideshow_gallery&quot;:[],&quot;background_slideshow_loop&quot;:&quot;yes&quot;,&quot;background_slideshow_slide_duration&quot;:5000,&quot;background_slideshow_slide_transition&quot;:&quot;fade&quot;,&quot;background_slideshow_transition_duration&quot;:500}\">\n\t\t\t<div class=\"elementor-widget-wrap elementor-element-populated\">\n\t\t\t\t\t\t<div class=\"elementor-element elementor-element-4bb620fc elementor-widget elementor-widget-image\" data-id=\"4bb620fc\" data-element_type=\"widget\" data-e-type=\"widget\" data-widget_type=\"image.default\">\n\t\t\t\t<div class=\"elementor-widget-container\">\n\t\t\t\t\t\t\t\t\t\t\t\t\t\t\t<img fetchpriority=\"high\" decoding=\"async\" width=\"800\" height=\"500\" src=\"https:\/\/cc-qrga.fr\/wp-content\/uploads\/2024\/09\/ec94f25ee27691bccdbde3d7f07ce3d7-Jep-2024-1440x900-1-1-1024x640.jpg\" class=\"attachment-large size-large wp-image-26551\" alt=\"\" srcset=\"https:\/\/cc-qrga.fr\/wp-content\/uploads\/2024\/09\/ec94f25ee27691bccdbde3d7f07ce3d7-Jep-2024-1440x900-1-1-1024x640.jpg 1024w, https:\/\/cc-qrga.fr\/wp-content\/uploads\/2024\/09\/ec94f25ee27691bccdbde3d7f07ce3d7-Jep-2024-1440x900-1-1-300x188.jpg 300w, https:\/\/cc-qrga.fr\/wp-content\/uploads\/2024\/09\/ec94f25ee27691bccdbde3d7f07ce3d7-Jep-2024-1440x900-1-1-768x480.jpg 768w, https:\/\/cc-qrga.fr\/wp-content\/uploads\/2024\/09\/ec94f25ee27691bccdbde3d7f07ce3d7-Jep-2024-1440x900-1-1.jpg 1439w\" sizes=\"(max-width: 800px) 100vw, 800px\" \/>\t\t\t\t\t\t\t\t\t\t\t\t\t\t\t<\/div>\n\t\t\t\t<\/div>\n\t\t\t\t\t<\/div>\n\t\t<\/div>\n\t\t\t\t<div class=\"has_eae_slider elementor-column elementor-col-50 elementor-inner-column elementor-element elementor-element-10c332b2\" data-eae-slider=\"34540\" data-id=\"10c332b2\" data-element_type=\"column\" data-e-type=\"column\">\n\t\t\t<div class=\"elementor-widget-wrap elementor-element-populated\">\n\t\t\t\t\t\t<div class=\"elementor-element elementor-element-6559fe74 elementor-widget elementor-widget-text-editor\" data-id=\"6559fe74\" data-element_type=\"widget\" data-e-type=\"widget\" data-widget_type=\"text-editor.default\">\n\t\t\t\t<div class=\"elementor-widget-container\">\n\t\t\t\t\t\t\t\t\t<p style=\"text-align: left;\">Desde 1984, las Jornadas Europeas del Patrimonio renuevan cada a\u00f1o su promesa: abrir al p\u00fablico el mundo del patrimonio.<br \/>miles de edificios y espacios que a menudo quedan ocultos a la vista.<br \/>Abrir de un empuj\u00f3n puertas que suelen estar cerradas, explorar lugares ins\u00f3litos, ir entre bastidores y acceder al mundo.<br \/>a lugares habitualmente inaccesibles: monumentos civiles o religiosos, edificios de arte y espect\u00e1culos,<br \/>Residencias excepcionales, centros neur\u00e1lgicos, edificios institucionales, infraestructuras industriales...<br \/>El patrimonio material e inmaterial es extremadamente ecl\u00e9ctico.<\/p>\t\t\t\t\t\t\t\t<\/div>\n\t\t\t\t<\/div>\n\t\t\t\t\t<\/div>\n\t\t<\/div>\n\t\t\t\t\t<\/div>\n\t\t<\/section>\n\t\t\t\t\t<\/div>\n\t\t<\/div>\n\t\t\t\t\t<\/div>\n\t\t<\/section>\n\t\t\t\t<section class=\"has_eae_slider elementor-section elementor-top-section elementor-element elementor-element-75d58498 elementor-section-boxed elementor-section-height-default elementor-section-height-default\" data-eae-slider=\"57806\" data-id=\"75d58498\" data-element_type=\"section\" data-e-type=\"section\">\n\t\t\t\t\t\t<div class=\"elementor-container elementor-column-gap-default\">\n\t\t\t\t\t<div class=\"has_eae_slider elementor-column elementor-col-100 elementor-top-column elementor-element elementor-element-6545e6a8\" data-eae-slider=\"52228\" data-id=\"6545e6a8\" data-element_type=\"column\" data-e-type=\"column\">\n\t\t\t<div class=\"elementor-widget-wrap elementor-element-populated\">\n\t\t\t\t\t\t<div class=\"elementor-element elementor-element-0482360 elementor-widget elementor-widget-image\" data-id=\"0482360\" data-element_type=\"widget\" data-e-type=\"widget\" data-widget_type=\"image.default\">\n\t\t\t\t<div class=\"elementor-widget-container\">\n\t\t\t\t\t\t\t\t\t\t\t\t\t\t\t<img decoding=\"async\" width=\"721\" height=\"1024\" src=\"https:\/\/cc-qrga.fr\/wp-content\/uploads\/2024\/09\/2-721x1024.jpg\" class=\"attachment-large size-large wp-image-26550\" alt=\"\" srcset=\"https:\/\/cc-qrga.fr\/wp-content\/uploads\/2024\/09\/2-721x1024.jpg 721w, https:\/\/cc-qrga.fr\/wp-content\/uploads\/2024\/09\/2-211x300.jpg 211w, https:\/\/cc-qrga.fr\/wp-content\/uploads\/2024\/09\/2-768x1090.jpg 768w, https:\/\/cc-qrga.fr\/wp-content\/uploads\/2024\/09\/2-1082x1536.jpg 1082w, https:\/\/cc-qrga.fr\/wp-content\/uploads\/2024\/09\/2.jpg 1409w\" sizes=\"(max-width: 721px) 100vw, 721px\" \/>\t\t\t\t\t\t\t\t\t\t\t\t\t\t\t<\/div>\n\t\t\t\t<\/div>\n\t\t\t\t<div class=\"elementor-element elementor-element-e6b6c13 elementor-widget elementor-widget-image\" data-id=\"e6b6c13\" data-element_type=\"widget\" data-e-type=\"widget\" data-widget_type=\"image.default\">\n\t\t\t\t<div class=\"elementor-widget-container\">\n\t\t\t\t\t\t\t\t\t\t\t\t\t\t\t<img loading=\"lazy\" decoding=\"async\" width=\"721\" height=\"1024\" src=\"https:\/\/cc-qrga.fr\/wp-content\/uploads\/2024\/09\/3-721x1024.jpg\" class=\"attachment-large size-large wp-image-26549\" alt=\"\" srcset=\"https:\/\/cc-qrga.fr\/wp-content\/uploads\/2024\/09\/3-721x1024.jpg 721w, https:\/\/cc-qrga.fr\/wp-content\/uploads\/2024\/09\/3-211x300.jpg 211w, https:\/\/cc-qrga.fr\/wp-content\/uploads\/2024\/09\/3-768x1090.jpg 768w, https:\/\/cc-qrga.fr\/wp-content\/uploads\/2024\/09\/3-1082x1536.jpg 1082w, https:\/\/cc-qrga.fr\/wp-content\/uploads\/2024\/09\/3.jpg 1409w\" sizes=\"(max-width: 721px) 100vw, 721px\" \/>\t\t\t\t\t\t\t\t\t\t\t\t\t\t\t<\/div>\n\t\t\t\t<\/div>\n\t\t\t\t<div class=\"elementor-element elementor-element-0c581e4 elementor-widget elementor-widget-image\" data-id=\"0c581e4\" data-element_type=\"widget\" data-e-type=\"widget\" data-widget_type=\"image.default\">\n\t\t\t\t<div class=\"elementor-widget-container\">\n\t\t\t\t\t\t\t\t\t\t\t\t\t\t\t<img loading=\"lazy\" decoding=\"async\" width=\"721\" height=\"1024\" src=\"https:\/\/cc-qrga.fr\/wp-content\/uploads\/2024\/09\/4-721x1024.jpg\" class=\"attachment-large size-large wp-image-26548\" alt=\"\" srcset=\"https:\/\/cc-qrga.fr\/wp-content\/uploads\/2024\/09\/4-721x1024.jpg 721w, https:\/\/cc-qrga.fr\/wp-content\/uploads\/2024\/09\/4-211x300.jpg 211w, https:\/\/cc-qrga.fr\/wp-content\/uploads\/2024\/09\/4-768x1090.jpg 768w, https:\/\/cc-qrga.fr\/wp-content\/uploads\/2024\/09\/4-1082x1536.jpg 1082w, https:\/\/cc-qrga.fr\/wp-content\/uploads\/2024\/09\/4.jpg 1409w\" sizes=\"(max-width: 721px) 100vw, 721px\" \/>\t\t\t\t\t\t\t\t\t\t\t\t\t\t\t<\/div>\n\t\t\t\t<\/div>\n\t\t\t\t\t<\/div>\n\t\t<\/div>\n\t\t\t\t\t<\/div>\n\t\t<\/section>\n\t\t\t\t<\/div>","protected":false},"excerpt":{"rendered":"<p>Patrimonio - Las Jornadas Europeas del Patrimonio en Midi-Quercy Desde 1984, las Jornadas Europeas del Patrimonio renuevan cada a\u00f1o su promesa: abrir al p\u00fablico varios miles de edificios y espacios a menudo ocultos a la vista. Empujar para abrir puertas habitualmente cerradas, explorar lugares ins\u00f3litos, ir entre bastidores y acceder a sitios habitualmente inaccesibles: monumentos [...].<\/p>","protected":false},"author":11,"featured_media":26551,"comment_status":"closed","ping_status":"closed","sticky":false,"template":"","format":"standard","meta":{"footnotes":""},"categories":[26],"tags":[],"class_list":["post-26545","post","type-post","status-publish","format-standard","has-post-thumbnail","hentry","category-accueil-de-loisirs"],"yoast_head":"<!-- This site is optimized with the Yoast SEO plugin v27.5 - https:\/\/yoast.com\/product\/yoast-seo-wordpress\/ -->\n<title>41e Journ\u00e9es europ\u00e9ennes du patrimoine, les samedi 21 et dimanche 22 septembre 2024 - Communaut\u00e9 de communes du Quercy Rouergue et des Gorges de l&#039;Aveyron<\/title>\n<meta name=\"robots\" content=\"index, follow, max-snippet:-1, max-image-preview:large, max-video-preview:-1\" \/>\n<link rel=\"canonical\" href=\"https:\/\/cc-qrga.fr\/es\/41e-journees-europeennes-du-patrimoine-les-samedi-21-et-dimanche-22-septembre-2024\/\" \/>\n<meta property=\"og:locale\" content=\"es_ES\" \/>\n<meta property=\"og:type\" content=\"article\" \/>\n<meta property=\"og:title\" content=\"41e Journ\u00e9es europ\u00e9ennes du patrimoine, les samedi 21 et dimanche 22 septembre 2024 - Communaut\u00e9 de communes du Quercy Rouergue et des Gorges de l&#039;Aveyron\" \/>\n<meta property=\"og:description\" content=\"Patrimoine \u2013 Les journ\u00e9es du Patrimoine en Midi-Quercy Depuis 1984, les Journ\u00e9es europ\u00e9ennes du patrimoine renouvellent chaque ann\u00e9e leur promesse: ouvrir\u00e0 tous les publics plusieurs milliers de b\u00e2timents et d\u2019espaces le plus souvent d\u00e9rob\u00e9s aux regards.Pousser des portes habituellement closes, explorer des lieux insolites, investir des coulisses et acc\u00e9der\u00e0 des sites d\u2019ordinaire inaccessibles : monuments [&hellip;]\" \/>\n<meta property=\"og:url\" content=\"https:\/\/cc-qrga.fr\/es\/41e-journees-europeennes-du-patrimoine-les-samedi-21-et-dimanche-22-septembre-2024\/\" \/>\n<meta property=\"og:site_name\" content=\"Communaut\u00e9 de communes du Quercy Rouergue et des Gorges de l&#039;Aveyron\" \/>\n<meta property=\"article:published_time\" content=\"2024-09-17T09:45:53+00:00\" \/>\n<meta property=\"article:modified_time\" content=\"2024-09-17T09:52:50+00:00\" \/>\n<meta property=\"og:image\" content=\"https:\/\/cc-qrga.fr\/wp-content\/uploads\/2024\/09\/ec94f25ee27691bccdbde3d7f07ce3d7-Jep-2024-1440x900-1-1.jpg\" \/>\n\t<meta property=\"og:image:width\" content=\"1439\" \/>\n\t<meta property=\"og:image:height\" content=\"900\" \/>\n\t<meta property=\"og:image:type\" content=\"image\/jpeg\" \/>\n<meta name=\"author\" content=\"Francis Khattou\" \/>\n<meta name=\"twitter:card\" content=\"summary_large_image\" \/>\n<meta name=\"twitter:label1\" content=\"Escrito por\" \/>\n\t<meta name=\"twitter:data1\" content=\"Francis Khattou\" \/>\n\t<meta name=\"twitter:label2\" content=\"Tiempo de lectura\" \/>\n\t<meta name=\"twitter:data2\" content=\"2 minutos\" \/>\n<script type=\"application\/ld+json\" class=\"yoast-schema-graph\">{\"@context\":\"https:\\\/\\\/schema.org\",\"@graph\":[{\"@type\":\"Article\",\"@id\":\"https:\\\/\\\/cc-qrga.fr\\\/41e-journees-europeennes-du-patrimoine-les-samedi-21-et-dimanche-22-septembre-2024\\\/#article\",\"isPartOf\":{\"@id\":\"https:\\\/\\\/cc-qrga.fr\\\/41e-journees-europeennes-du-patrimoine-les-samedi-21-et-dimanche-22-septembre-2024\\\/\"},\"author\":{\"name\":\"Francis Khattou\",\"@id\":\"https:\\\/\\\/cc-qrga.fr\\\/#\\\/schema\\\/person\\\/5f618ab30a56d9300060ba0b7bdefb6d\"},\"headline\":\"41e Journ\u00e9es europ\u00e9ennes du patrimoine, les samedi 21 et dimanche 22 septembre 2024\",\"datePublished\":\"2024-09-17T09:45:53+00:00\",\"dateModified\":\"2024-09-17T09:52:50+00:00\",\"mainEntityOfPage\":{\"@id\":\"https:\\\/\\\/cc-qrga.fr\\\/41e-journees-europeennes-du-patrimoine-les-samedi-21-et-dimanche-22-septembre-2024\\\/\"},\"wordCount\":107,\"image\":{\"@id\":\"https:\\\/\\\/cc-qrga.fr\\\/41e-journees-europeennes-du-patrimoine-les-samedi-21-et-dimanche-22-septembre-2024\\\/#primaryimage\"},\"thumbnailUrl\":\"https:\\\/\\\/cc-qrga.fr\\\/wp-content\\\/uploads\\\/2024\\\/09\\\/ec94f25ee27691bccdbde3d7f07ce3d7-Jep-2024-1440x900-1-1.jpg\",\"articleSection\":[\"Actualit\u00e9s\"],\"inLanguage\":\"es\"},{\"@type\":\"WebPage\",\"@id\":\"https:\\\/\\\/cc-qrga.fr\\\/41e-journees-europeennes-du-patrimoine-les-samedi-21-et-dimanche-22-septembre-2024\\\/\",\"url\":\"https:\\\/\\\/cc-qrga.fr\\\/41e-journees-europeennes-du-patrimoine-les-samedi-21-et-dimanche-22-septembre-2024\\\/\",\"name\":\"41e Journ\u00e9es europ\u00e9ennes du patrimoine, les samedi 21 et dimanche 22 septembre 2024 - Communaut\u00e9 de communes du Quercy Rouergue et des Gorges de l&#039;Aveyron\",\"isPartOf\":{\"@id\":\"https:\\\/\\\/cc-qrga.fr\\\/#website\"},\"primaryImageOfPage\":{\"@id\":\"https:\\\/\\\/cc-qrga.fr\\\/41e-journees-europeennes-du-patrimoine-les-samedi-21-et-dimanche-22-septembre-2024\\\/#primaryimage\"},\"image\":{\"@id\":\"https:\\\/\\\/cc-qrga.fr\\\/41e-journees-europeennes-du-patrimoine-les-samedi-21-et-dimanche-22-septembre-2024\\\/#primaryimage\"},\"thumbnailUrl\":\"https:\\\/\\\/cc-qrga.fr\\\/wp-content\\\/uploads\\\/2024\\\/09\\\/ec94f25ee27691bccdbde3d7f07ce3d7-Jep-2024-1440x900-1-1.jpg\",\"datePublished\":\"2024-09-17T09:45:53+00:00\",\"dateModified\":\"2024-09-17T09:52:50+00:00\",\"author\":{\"@id\":\"https:\\\/\\\/cc-qrga.fr\\\/#\\\/schema\\\/person\\\/5f618ab30a56d9300060ba0b7bdefb6d\"},\"breadcrumb\":{\"@id\":\"https:\\\/\\\/cc-qrga.fr\\\/41e-journees-europeennes-du-patrimoine-les-samedi-21-et-dimanche-22-septembre-2024\\\/#breadcrumb\"},\"inLanguage\":\"es\",\"potentialAction\":[{\"@type\":\"ReadAction\",\"target\":[\"https:\\\/\\\/cc-qrga.fr\\\/41e-journees-europeennes-du-patrimoine-les-samedi-21-et-dimanche-22-septembre-2024\\\/\"]}]},{\"@type\":\"ImageObject\",\"inLanguage\":\"es\",\"@id\":\"https:\\\/\\\/cc-qrga.fr\\\/41e-journees-europeennes-du-patrimoine-les-samedi-21-et-dimanche-22-septembre-2024\\\/#primaryimage\",\"url\":\"https:\\\/\\\/cc-qrga.fr\\\/wp-content\\\/uploads\\\/2024\\\/09\\\/ec94f25ee27691bccdbde3d7f07ce3d7-Jep-2024-1440x900-1-1.jpg\",\"contentUrl\":\"https:\\\/\\\/cc-qrga.fr\\\/wp-content\\\/uploads\\\/2024\\\/09\\\/ec94f25ee27691bccdbde3d7f07ce3d7-Jep-2024-1440x900-1-1.jpg\",\"width\":1439,\"height\":900},{\"@type\":\"BreadcrumbList\",\"@id\":\"https:\\\/\\\/cc-qrga.fr\\\/41e-journees-europeennes-du-patrimoine-les-samedi-21-et-dimanche-22-septembre-2024\\\/#breadcrumb\",\"itemListElement\":[{\"@type\":\"ListItem\",\"position\":1,\"name\":\"Accueil\",\"item\":\"https:\\\/\\\/cc-qrga.fr\\\/\"},{\"@type\":\"ListItem\",\"position\":2,\"name\":\"41e Journ\u00e9es europ\u00e9ennes du patrimoine, les samedi 21 et dimanche 22 septembre 2024\"}]},{\"@type\":\"WebSite\",\"@id\":\"https:\\\/\\\/cc-qrga.fr\\\/#website\",\"url\":\"https:\\\/\\\/cc-qrga.fr\\\/\",\"name\":\"Communaut\u00e9 de communes du Quercy Rouergue et des Gorges de l&#039;Aveyron\",\"description\":\"qrga\",\"potentialAction\":[{\"@type\":\"SearchAction\",\"target\":{\"@type\":\"EntryPoint\",\"urlTemplate\":\"https:\\\/\\\/cc-qrga.fr\\\/?s={search_term_string}\"},\"query-input\":{\"@type\":\"PropertyValueSpecification\",\"valueRequired\":true,\"valueName\":\"search_term_string\"}}],\"inLanguage\":\"es\"},{\"@type\":\"Person\",\"@id\":\"https:\\\/\\\/cc-qrga.fr\\\/#\\\/schema\\\/person\\\/5f618ab30a56d9300060ba0b7bdefb6d\",\"name\":\"Francis Khattou\",\"image\":{\"@type\":\"ImageObject\",\"inLanguage\":\"es\",\"@id\":\"https:\\\/\\\/secure.gravatar.com\\\/avatar\\\/75c01a7293a6de6a7d2bd2eda123ab701d97a0ae6d66a87719d9725808597eeb?s=96&d=mm&r=g\",\"url\":\"https:\\\/\\\/secure.gravatar.com\\\/avatar\\\/75c01a7293a6de6a7d2bd2eda123ab701d97a0ae6d66a87719d9725808597eeb?s=96&d=mm&r=g\",\"contentUrl\":\"https:\\\/\\\/secure.gravatar.com\\\/avatar\\\/75c01a7293a6de6a7d2bd2eda123ab701d97a0ae6d66a87719d9725808597eeb?s=96&d=mm&r=g\",\"caption\":\"Francis Khattou\"},\"url\":\"https:\\\/\\\/cc-qrga.fr\\\/es\\\/author\\\/bapla82140\\\/\"}]}<\/script>\n<!-- \/ Yoast SEO plugin. -->","yoast_head_json":{"title":"41e Journ\u00e9es europ\u00e9ennes du patrimoine, les samedi 21 et dimanche 22 septembre 2024 - Communaut\u00e9 de communes du Quercy Rouergue et des Gorges de l&#039;Aveyron","robots":{"index":"index","follow":"follow","max-snippet":"max-snippet:-1","max-image-preview":"max-image-preview:large","max-video-preview":"max-video-preview:-1"},"canonical":"https:\/\/cc-qrga.fr\/es\/41e-journees-europeennes-du-patrimoine-les-samedi-21-et-dimanche-22-septembre-2024\/","og_locale":"es_ES","og_type":"article","og_title":"41e Journ\u00e9es europ\u00e9ennes du patrimoine, les samedi 21 et dimanche 22 septembre 2024 - Communaut\u00e9 de communes du Quercy Rouergue et des Gorges de l&#039;Aveyron","og_description":"Patrimoine \u2013 Les journ\u00e9es du Patrimoine en Midi-Quercy Depuis 1984, les Journ\u00e9es europ\u00e9ennes du patrimoine renouvellent chaque ann\u00e9e leur promesse: ouvrir\u00e0 tous les publics plusieurs milliers de b\u00e2timents et d\u2019espaces le plus souvent d\u00e9rob\u00e9s aux regards.Pousser des portes habituellement closes, explorer des lieux insolites, investir des coulisses et acc\u00e9der\u00e0 des sites d\u2019ordinaire inaccessibles : monuments [&hellip;]","og_url":"https:\/\/cc-qrga.fr\/es\/41e-journees-europeennes-du-patrimoine-les-samedi-21-et-dimanche-22-septembre-2024\/","og_site_name":"Communaut\u00e9 de communes du Quercy Rouergue et des Gorges de l&#039;Aveyron","article_published_time":"2024-09-17T09:45:53+00:00","article_modified_time":"2024-09-17T09:52:50+00:00","og_image":[{"width":1439,"height":900,"url":"https:\/\/cc-qrga.fr\/wp-content\/uploads\/2024\/09\/ec94f25ee27691bccdbde3d7f07ce3d7-Jep-2024-1440x900-1-1.jpg","type":"image\/jpeg"}],"author":"Francis Khattou","twitter_card":"summary_large_image","twitter_misc":{"Escrito por":"Francis Khattou","Tiempo de lectura":"2 minutos"},"schema":{"@context":"https:\/\/schema.org","@graph":[{"@type":"Article","@id":"https:\/\/cc-qrga.fr\/41e-journees-europeennes-du-patrimoine-les-samedi-21-et-dimanche-22-septembre-2024\/#article","isPartOf":{"@id":"https:\/\/cc-qrga.fr\/41e-journees-europeennes-du-patrimoine-les-samedi-21-et-dimanche-22-septembre-2024\/"},"author":{"name":"Francis Khattou","@id":"https:\/\/cc-qrga.fr\/#\/schema\/person\/5f618ab30a56d9300060ba0b7bdefb6d"},"headline":"41e Journ\u00e9es europ\u00e9ennes du patrimoine, les samedi 21 et dimanche 22 septembre 2024","datePublished":"2024-09-17T09:45:53+00:00","dateModified":"2024-09-17T09:52:50+00:00","mainEntityOfPage":{"@id":"https:\/\/cc-qrga.fr\/41e-journees-europeennes-du-patrimoine-les-samedi-21-et-dimanche-22-septembre-2024\/"},"wordCount":107,"image":{"@id":"https:\/\/cc-qrga.fr\/41e-journees-europeennes-du-patrimoine-les-samedi-21-et-dimanche-22-septembre-2024\/#primaryimage"},"thumbnailUrl":"https:\/\/cc-qrga.fr\/wp-content\/uploads\/2024\/09\/ec94f25ee27691bccdbde3d7f07ce3d7-Jep-2024-1440x900-1-1.jpg","articleSection":["Actualit\u00e9s"],"inLanguage":"es"},{"@type":"WebPage","@id":"https:\/\/cc-qrga.fr\/41e-journees-europeennes-du-patrimoine-les-samedi-21-et-dimanche-22-septembre-2024\/","url":"https:\/\/cc-qrga.fr\/41e-journees-europeennes-du-patrimoine-les-samedi-21-et-dimanche-22-septembre-2024\/","name":"41e Journ\u00e9es europ\u00e9ennes du patrimoine, les samedi 21 et dimanche 22 septembre 2024 - Communaut\u00e9 de communes du Quercy Rouergue et des Gorges de l&#039;Aveyron","isPartOf":{"@id":"https:\/\/cc-qrga.fr\/#website"},"primaryImageOfPage":{"@id":"https:\/\/cc-qrga.fr\/41e-journees-europeennes-du-patrimoine-les-samedi-21-et-dimanche-22-septembre-2024\/#primaryimage"},"image":{"@id":"https:\/\/cc-qrga.fr\/41e-journees-europeennes-du-patrimoine-les-samedi-21-et-dimanche-22-septembre-2024\/#primaryimage"},"thumbnailUrl":"https:\/\/cc-qrga.fr\/wp-content\/uploads\/2024\/09\/ec94f25ee27691bccdbde3d7f07ce3d7-Jep-2024-1440x900-1-1.jpg","datePublished":"2024-09-17T09:45:53+00:00","dateModified":"2024-09-17T09:52:50+00:00","author":{"@id":"https:\/\/cc-qrga.fr\/#\/schema\/person\/5f618ab30a56d9300060ba0b7bdefb6d"},"breadcrumb":{"@id":"https:\/\/cc-qrga.fr\/41e-journees-europeennes-du-patrimoine-les-samedi-21-et-dimanche-22-septembre-2024\/#breadcrumb"},"inLanguage":"es","potentialAction":[{"@type":"ReadAction","target":["https:\/\/cc-qrga.fr\/41e-journees-europeennes-du-patrimoine-les-samedi-21-et-dimanche-22-septembre-2024\/"]}]},{"@type":"ImageObject","inLanguage":"es","@id":"https:\/\/cc-qrga.fr\/41e-journees-europeennes-du-patrimoine-les-samedi-21-et-dimanche-22-septembre-2024\/#primaryimage","url":"https:\/\/cc-qrga.fr\/wp-content\/uploads\/2024\/09\/ec94f25ee27691bccdbde3d7f07ce3d7-Jep-2024-1440x900-1-1.jpg","contentUrl":"https:\/\/cc-qrga.fr\/wp-content\/uploads\/2024\/09\/ec94f25ee27691bccdbde3d7f07ce3d7-Jep-2024-1440x900-1-1.jpg","width":1439,"height":900},{"@type":"BreadcrumbList","@id":"https:\/\/cc-qrga.fr\/41e-journees-europeennes-du-patrimoine-les-samedi-21-et-dimanche-22-septembre-2024\/#breadcrumb","itemListElement":[{"@type":"ListItem","position":1,"name":"Accueil","item":"https:\/\/cc-qrga.fr\/"},{"@type":"ListItem","position":2,"name":"41e Journ\u00e9es europ\u00e9ennes du patrimoine, les samedi 21 et dimanche 22 septembre 2024"}]},{"@type":"WebSite","@id":"https:\/\/cc-qrga.fr\/#website","url":"https:\/\/cc-qrga.fr\/","name":"Mancomunidad de municipios de Quercy Rouergue y Gargantas del Aveyron","description":"qrga","potentialAction":[{"@type":"SearchAction","target":{"@type":"EntryPoint","urlTemplate":"https:\/\/cc-qrga.fr\/?s={search_term_string}"},"query-input":{"@type":"PropertyValueSpecification","valueRequired":true,"valueName":"search_term_string"}}],"inLanguage":"es"},{"@type":"Person","@id":"https:\/\/cc-qrga.fr\/#\/schema\/person\/5f618ab30a56d9300060ba0b7bdefb6d","name":"Francis Khattou","image":{"@type":"ImageObject","inLanguage":"es","@id":"https:\/\/secure.gravatar.com\/avatar\/75c01a7293a6de6a7d2bd2eda123ab701d97a0ae6d66a87719d9725808597eeb?s=96&d=mm&r=g","url":"https:\/\/secure.gravatar.com\/avatar\/75c01a7293a6de6a7d2bd2eda123ab701d97a0ae6d66a87719d9725808597eeb?s=96&d=mm&r=g","contentUrl":"https:\/\/secure.gravatar.com\/avatar\/75c01a7293a6de6a7d2bd2eda123ab701d97a0ae6d66a87719d9725808597eeb?s=96&d=mm&r=g","caption":"Francis Khattou"},"url":"https:\/\/cc-qrga.fr\/es\/author\/bapla82140\/"}]}},"views":3610,"_links":{"self":[{"href":"https:\/\/cc-qrga.fr\/es\/wp-json\/wp\/v2\/posts\/26545","targetHints":{"allow":["GET"]}}],"collection":[{"href":"https:\/\/cc-qrga.fr\/es\/wp-json\/wp\/v2\/posts"}],"about":[{"href":"https:\/\/cc-qrga.fr\/es\/wp-json\/wp\/v2\/types\/post"}],"author":[{"embeddable":true,"href":"https:\/\/cc-qrga.fr\/es\/wp-json\/wp\/v2\/users\/11"}],"replies":[{"embeddable":true,"href":"https:\/\/cc-qrga.fr\/es\/wp-json\/wp\/v2\/comments?post=26545"}],"version-history":[{"count":0,"href":"https:\/\/cc-qrga.fr\/es\/wp-json\/wp\/v2\/posts\/26545\/revisions"}],"wp:featuredmedia":[{"embeddable":true,"href":"https:\/\/cc-qrga.fr\/es\/wp-json\/wp\/v2\/media\/26551"}],"wp:attachment":[{"href":"https:\/\/cc-qrga.fr\/es\/wp-json\/wp\/v2\/media?parent=26545"}],"wp:term":[{"taxonomy":"category","embeddable":true,"href":"https:\/\/cc-qrga.fr\/es\/wp-json\/wp\/v2\/categories?post=26545"},{"taxonomy":"post_tag","embeddable":true,"href":"https:\/\/cc-qrga.fr\/es\/wp-json\/wp\/v2\/tags?post=26545"}],"curies":[{"name":"wp","href":"https:\/\/api.w.org\/{rel}","templated":true}]}}