{"id":19087,"date":"2022-12-10T10:55:00","date_gmt":"2022-12-10T09:55:00","guid":{"rendered":"https:\/\/cc-qrga.fr\/?p=19087"},"modified":"2023-01-06T13:57:54","modified_gmt":"2023-01-06T12:57:54","slug":"portrait-de-nos-commercants-2","status":"publish","type":"post","link":"https:\/\/cc-qrga.fr\/nl\/portrait-de-nos-commercants-2\/","title":{"rendered":"[Julien]"},"content":{"rendered":"<p>Julien, een bakker, biedt je heerlijk zuurdesembrood in Parisot en Caylus. <img decoding=\"async\" alt=\"\ud83e\udd56\" src=\"https:\/\/static.xx.fbcdn.net\/images\/emoji.php\/v9\/tb2\/1\/16\/1f956.png\" width=\"16\" height=\"16\"><\/p>\n\n\n\n<p>Hij koopt zijn meel van plaatselijke molens. <img decoding=\"async\" alt=\"\ud83d\ude4f\" src=\"https:\/\/static.xx.fbcdn.net\/images\/emoji.php\/v9\/t80\/1\/16\/1f64f.png\" width=\"16\" height=\"16\"><\/p>\n\n\n\n<p>Alle <a><\/a>de aangeboden producten zijn zelfgemaakt! <img decoding=\"async\" alt=\"\ud83d\ude0d\" src=\"https:\/\/static.xx.fbcdn.net\/images\/emoji.php\/v9\/t2\/1\/16\/1f60d.png\" width=\"16\" height=\"16\"><\/p>\n\n\n\n<p>Gebak in het weekend op afspraak. <img loading=\"lazy\" decoding=\"async\" alt=\"\ud83c\udf70\" src=\"https:\/\/static.xx.fbcdn.net\/images\/emoji.php\/v9\/t64\/1\/16\/1f370.png\" width=\"16\" height=\"16\"><\/p>\n\n\n\n<p>Bel om de hele week pizza's te bestellen! <img loading=\"lazy\" decoding=\"async\" alt=\"\ud83c\udf55\" src=\"https:\/\/static.xx.fbcdn.net\/images\/emoji.php\/v9\/tab\/1\/16\/1f355.png\" width=\"16\" height=\"16\"><\/p>\n\n\n\n<p>Kerstchocolaatjes nu verkrijgbaar <img loading=\"lazy\" decoding=\"async\" alt=\"\ud83c\udf6b\" src=\"https:\/\/static.xx.fbcdn.net\/images\/emoji.php\/v9\/tf7\/1\/16\/1f36b.png\" width=\"16\" height=\"16\"><\/p>\n\n\n\n<p>Levering mogelijk op bestelling op 05 63 02 67 36 <img loading=\"lazy\" decoding=\"async\" alt=\"\u260e\ufe0f\" src=\"https:\/\/static.xx.fbcdn.net\/images\/emoji.php\/v9\/t22\/1\/16\/260e.png\" width=\"16\" height=\"16\"><\/p>\n\n\n\n<p>Openingstijden <img loading=\"lazy\" decoding=\"async\" alt=\"\ud83d\udd50\" src=\"https:\/\/static.xx.fbcdn.net\/images\/emoji.php\/v9\/ta8\/1\/16\/1f550.png\" width=\"16\" height=\"16\">:<\/p>\n\n\n\n<ul class=\"wp-block-list\">\n<li>Dinsdag tot zaterdag van 8.00 tot 12.30 uur en van 15.30 tot 19.00 uur.<\/li>\n\n\n\n<li>Zondag van 8.00 tot 12.30 uur.<\/li>\n\n\n\n<li>Gesloten op maandag en woensdag.<\/li>\n<\/ul>\n\n\n\n<p>Voor meer informatie: <a href=\"https:\/\/www.facebook.com\/profile.php?id=100057630932487&amp;__cft__[0]=AZUpjDd0vsgGHcx7NV18C16GXz9catgzPP802V_RIo3q8Cqdtv13MPhHuArzrbf6gYThNAtv7Wwp5UOqSZeszRCPKXTUCEqKSJnofSpsT-S5-2iM6AhJg4KI8lD6adyJeAslHLSLCvpplwgn9lMN2RMz_ttINN33qBiSULTAUBeTrkPlk0DPHFTASH8LSMOg0F8&amp;__tn__=-]K-R\">Bakkerij Patisserie Barroul<\/a> <img loading=\"lazy\" decoding=\"async\" src=\"https:\/\/static.xx.fbcdn.net\/images\/emoji.php\/v9\/t1e\/1\/16\/2b05.png\" alt=\"\u2b05\ufe0f\" width=\"16\" height=\"16\"><\/p>\n\n\n\n<figure class=\"wp-block-gallery has-nested-images columns-default is-cropped wp-block-gallery-1 is-layout-flex wp-block-gallery-is-layout-flex\">\n<figure class=\"wp-block-image size-large\"><img loading=\"lazy\" decoding=\"async\" width=\"768\" height=\"1024\" data-id=\"19089\" src=\"https:\/\/cc-qrga.fr\/wp-content\/uploads\/2023\/01\/photo1-4-768x1024.jpg\" alt=\"\" class=\"wp-image-19089\" srcset=\"https:\/\/cc-qrga.fr\/wp-content\/uploads\/2023\/01\/photo1-4-768x1024.jpg 768w, https:\/\/cc-qrga.fr\/wp-content\/uploads\/2023\/01\/photo1-4-225x300.jpg 225w, https:\/\/cc-qrga.fr\/wp-content\/uploads\/2023\/01\/photo1-4-1152x1536.jpg 1152w, https:\/\/cc-qrga.fr\/wp-content\/uploads\/2023\/01\/photo1-4.jpg 1512w\" sizes=\"(max-width: 768px) 100vw, 768px\" \/><\/figure>\n\n\n\n<figure class=\"wp-block-image size-large\"><img loading=\"lazy\" decoding=\"async\" width=\"768\" height=\"1024\" data-id=\"19091\" src=\"https:\/\/cc-qrga.fr\/wp-content\/uploads\/2023\/01\/photo2-2-768x1024.jpg\" alt=\"\" class=\"wp-image-19091\" srcset=\"https:\/\/cc-qrga.fr\/wp-content\/uploads\/2023\/01\/photo2-2-768x1024.jpg 768w, https:\/\/cc-qrga.fr\/wp-content\/uploads\/2023\/01\/photo2-2-225x300.jpg 225w, https:\/\/cc-qrga.fr\/wp-content\/uploads\/2023\/01\/photo2-2-1152x1536.jpg 1152w, https:\/\/cc-qrga.fr\/wp-content\/uploads\/2023\/01\/photo2-2.jpg 1512w\" sizes=\"(max-width: 768px) 100vw, 768px\" \/><\/figure>\n\n\n\n<figure class=\"wp-block-image size-large\"><img loading=\"lazy\" decoding=\"async\" width=\"768\" height=\"1024\" data-id=\"19090\" src=\"https:\/\/cc-qrga.fr\/wp-content\/uploads\/2023\/01\/photo3-768x1024.jpg\" alt=\"\" class=\"wp-image-19090\" srcset=\"https:\/\/cc-qrga.fr\/wp-content\/uploads\/2023\/01\/photo3-768x1024.jpg 768w, https:\/\/cc-qrga.fr\/wp-content\/uploads\/2023\/01\/photo3-225x300.jpg 225w, https:\/\/cc-qrga.fr\/wp-content\/uploads\/2023\/01\/photo3-1152x1536.jpg 1152w, https:\/\/cc-qrga.fr\/wp-content\/uploads\/2023\/01\/photo3.jpg 1512w\" sizes=\"(max-width: 768px) 100vw, 768px\" \/><\/figure>\n<\/figure>","protected":false},"excerpt":{"rendered":"<p>Julien, een bakker, biedt je heerlijk zuurdesembrood in Parisot en Caylus. Hij betrekt zijn meel van lokale molens. Alle aangeboden producten zijn huisgemaakt! Gebak in het weekend op afspraak. Bel om je pizza's de hele week te reserveren! Kerstchocolaatjes zijn verkrijgbaar [...]<\/p>","protected":false},"author":18,"featured_media":19088,"comment_status":"closed","ping_status":"closed","sticky":false,"template":"","format":"standard","meta":{"footnotes":""},"categories":[71,68],"tags":[74,75,73],"class_list":["post-19087","post","type-post","status-publish","format-standard","has-post-thumbnail","hentry","category-parisot","category-portrait-commercant","tag-boulanger","tag-julien-barroul","tag-parisot"],"yoast_head":"<!-- This site is optimized with the Yoast SEO plugin v27.4 - https:\/\/yoast.com\/product\/yoast-seo-wordpress\/ -->\n<title>[Julien] - Communaut\u00e9 de communes du Quercy Rouergue et des Gorges de l&#039;Aveyron<\/title>\n<meta name=\"robots\" content=\"index, follow, max-snippet:-1, max-image-preview:large, max-video-preview:-1\" \/>\n<link rel=\"canonical\" href=\"https:\/\/cc-qrga.fr\/nl\/portrait-de-nos-commercants-2\/\" \/>\n<meta property=\"og:locale\" content=\"nl_BE\" \/>\n<meta property=\"og:type\" content=\"article\" \/>\n<meta property=\"og:title\" content=\"[Julien] - Communaut\u00e9 de communes du Quercy Rouergue et des Gorges de l&#039;Aveyron\" \/>\n<meta property=\"og:description\" content=\"Julien, boulanger, vous propose du tr\u00e8s bon pain au levain, sur les communes de Parisot et Caylus. Il s\u2019approvisionne aupr\u00e8s de moulins du coin pour la farine. Tous les produits propos\u00e9s sont faits maison ! P\u00e2tisseries le weekend sur r\u00e9servation. Appelez pour r\u00e9server vos pizzas toute la semaine ! Les chocolats de No\u00ebl sont disponibles [&hellip;]\" \/>\n<meta property=\"og:url\" content=\"https:\/\/cc-qrga.fr\/nl\/portrait-de-nos-commercants-2\/\" \/>\n<meta property=\"og:site_name\" content=\"Communaut\u00e9 de communes du Quercy Rouergue et des Gorges de l&#039;Aveyron\" \/>\n<meta property=\"article:published_time\" content=\"2022-12-10T09:55:00+00:00\" \/>\n<meta property=\"article:modified_time\" content=\"2023-01-06T12:57:54+00:00\" \/>\n<meta property=\"og:image\" content=\"https:\/\/cc-qrga.fr\/wp-content\/uploads\/2023\/01\/photo1-3.jpg\" \/>\n\t<meta property=\"og:image:width\" content=\"1512\" \/>\n\t<meta property=\"og:image:height\" content=\"2016\" \/>\n\t<meta property=\"og:image:type\" content=\"image\/jpeg\" \/>\n<meta name=\"author\" content=\"AmbreR\" \/>\n<meta name=\"twitter:card\" content=\"summary_large_image\" \/>\n<meta name=\"twitter:label1\" content=\"Geschreven door\" \/>\n\t<meta name=\"twitter:data1\" content=\"AmbreR\" \/>\n\t<meta name=\"twitter:label2\" content=\"Geschatte leestijd\" \/>\n\t<meta name=\"twitter:data2\" content=\"3 minuten\" \/>\n<script type=\"application\/ld+json\" class=\"yoast-schema-graph\">{\"@context\":\"https:\\\/\\\/schema.org\",\"@graph\":[{\"@type\":\"Article\",\"@id\":\"https:\\\/\\\/cc-qrga.fr\\\/portrait-de-nos-commercants-2\\\/#article\",\"isPartOf\":{\"@id\":\"https:\\\/\\\/cc-qrga.fr\\\/portrait-de-nos-commercants-2\\\/\"},\"author\":{\"name\":\"AmbreR\",\"@id\":\"https:\\\/\\\/cc-qrga.fr\\\/#\\\/schema\\\/person\\\/b0e22bcd3af3c03195b8c19300c63c83\"},\"headline\":\"[Julien]\",\"datePublished\":\"2022-12-10T09:55:00+00:00\",\"dateModified\":\"2023-01-06T12:57:54+00:00\",\"mainEntityOfPage\":{\"@id\":\"https:\\\/\\\/cc-qrga.fr\\\/portrait-de-nos-commercants-2\\\/\"},\"wordCount\":99,\"image\":{\"@id\":\"https:\\\/\\\/cc-qrga.fr\\\/portrait-de-nos-commercants-2\\\/#primaryimage\"},\"thumbnailUrl\":\"https:\\\/\\\/cc-qrga.fr\\\/wp-content\\\/uploads\\\/2023\\\/01\\\/photo1-3.jpg\",\"keywords\":[\"Boulanger\",\"Julien Barroul\",\"Parisot\"],\"articleSection\":[\"Parisot\",\"Portrait commercant\"],\"inLanguage\":\"nl-BE\"},{\"@type\":\"WebPage\",\"@id\":\"https:\\\/\\\/cc-qrga.fr\\\/portrait-de-nos-commercants-2\\\/\",\"url\":\"https:\\\/\\\/cc-qrga.fr\\\/portrait-de-nos-commercants-2\\\/\",\"name\":\"[Julien] - Communaut\u00e9 de communes du Quercy Rouergue et des Gorges de l&#039;Aveyron\",\"isPartOf\":{\"@id\":\"https:\\\/\\\/cc-qrga.fr\\\/#website\"},\"primaryImageOfPage\":{\"@id\":\"https:\\\/\\\/cc-qrga.fr\\\/portrait-de-nos-commercants-2\\\/#primaryimage\"},\"image\":{\"@id\":\"https:\\\/\\\/cc-qrga.fr\\\/portrait-de-nos-commercants-2\\\/#primaryimage\"},\"thumbnailUrl\":\"https:\\\/\\\/cc-qrga.fr\\\/wp-content\\\/uploads\\\/2023\\\/01\\\/photo1-3.jpg\",\"datePublished\":\"2022-12-10T09:55:00+00:00\",\"dateModified\":\"2023-01-06T12:57:54+00:00\",\"author\":{\"@id\":\"https:\\\/\\\/cc-qrga.fr\\\/#\\\/schema\\\/person\\\/b0e22bcd3af3c03195b8c19300c63c83\"},\"breadcrumb\":{\"@id\":\"https:\\\/\\\/cc-qrga.fr\\\/portrait-de-nos-commercants-2\\\/#breadcrumb\"},\"inLanguage\":\"nl-BE\",\"potentialAction\":[{\"@type\":\"ReadAction\",\"target\":[\"https:\\\/\\\/cc-qrga.fr\\\/portrait-de-nos-commercants-2\\\/\"]}]},{\"@type\":\"ImageObject\",\"inLanguage\":\"nl-BE\",\"@id\":\"https:\\\/\\\/cc-qrga.fr\\\/portrait-de-nos-commercants-2\\\/#primaryimage\",\"url\":\"https:\\\/\\\/cc-qrga.fr\\\/wp-content\\\/uploads\\\/2023\\\/01\\\/photo1-3.jpg\",\"contentUrl\":\"https:\\\/\\\/cc-qrga.fr\\\/wp-content\\\/uploads\\\/2023\\\/01\\\/photo1-3.jpg\",\"width\":1512,\"height\":2016},{\"@type\":\"BreadcrumbList\",\"@id\":\"https:\\\/\\\/cc-qrga.fr\\\/portrait-de-nos-commercants-2\\\/#breadcrumb\",\"itemListElement\":[{\"@type\":\"ListItem\",\"position\":1,\"name\":\"Accueil\",\"item\":\"https:\\\/\\\/cc-qrga.fr\\\/\"},{\"@type\":\"ListItem\",\"position\":2,\"name\":\"[Julien]\"}]},{\"@type\":\"WebSite\",\"@id\":\"https:\\\/\\\/cc-qrga.fr\\\/#website\",\"url\":\"https:\\\/\\\/cc-qrga.fr\\\/\",\"name\":\"Communaut\u00e9 de communes du Quercy Rouergue et des Gorges de l&#039;Aveyron\",\"description\":\"qrga\",\"potentialAction\":[{\"@type\":\"SearchAction\",\"target\":{\"@type\":\"EntryPoint\",\"urlTemplate\":\"https:\\\/\\\/cc-qrga.fr\\\/?s={search_term_string}\"},\"query-input\":{\"@type\":\"PropertyValueSpecification\",\"valueRequired\":true,\"valueName\":\"search_term_string\"}}],\"inLanguage\":\"nl-BE\"},{\"@type\":\"Person\",\"@id\":\"https:\\\/\\\/cc-qrga.fr\\\/#\\\/schema\\\/person\\\/b0e22bcd3af3c03195b8c19300c63c83\",\"name\":\"AmbreR\",\"image\":{\"@type\":\"ImageObject\",\"inLanguage\":\"nl-BE\",\"@id\":\"https:\\\/\\\/secure.gravatar.com\\\/avatar\\\/a608f1f3bf9830730e4f923d7f6776c55eeeb7933c69f3140a36703e6230ac66?s=96&d=mm&r=g\",\"url\":\"https:\\\/\\\/secure.gravatar.com\\\/avatar\\\/a608f1f3bf9830730e4f923d7f6776c55eeeb7933c69f3140a36703e6230ac66?s=96&d=mm&r=g\",\"contentUrl\":\"https:\\\/\\\/secure.gravatar.com\\\/avatar\\\/a608f1f3bf9830730e4f923d7f6776c55eeeb7933c69f3140a36703e6230ac66?s=96&d=mm&r=g\",\"caption\":\"AmbreR\"},\"url\":\"https:\\\/\\\/cc-qrga.fr\\\/nl\\\/author\\\/ambrer\\\/\"}]}<\/script>\n<!-- \/ Yoast SEO plugin. -->","yoast_head_json":{"title":"[Julien] - Communaut\u00e9 de communes du Quercy Rouergue et des Gorges de l&#039;Aveyron","robots":{"index":"index","follow":"follow","max-snippet":"max-snippet:-1","max-image-preview":"max-image-preview:large","max-video-preview":"max-video-preview:-1"},"canonical":"https:\/\/cc-qrga.fr\/nl\/portrait-de-nos-commercants-2\/","og_locale":"nl_BE","og_type":"article","og_title":"[Julien] - Communaut\u00e9 de communes du Quercy Rouergue et des Gorges de l&#039;Aveyron","og_description":"Julien, boulanger, vous propose du tr\u00e8s bon pain au levain, sur les communes de Parisot et Caylus. Il s\u2019approvisionne aupr\u00e8s de moulins du coin pour la farine. Tous les produits propos\u00e9s sont faits maison ! P\u00e2tisseries le weekend sur r\u00e9servation. Appelez pour r\u00e9server vos pizzas toute la semaine ! Les chocolats de No\u00ebl sont disponibles [&hellip;]","og_url":"https:\/\/cc-qrga.fr\/nl\/portrait-de-nos-commercants-2\/","og_site_name":"Communaut\u00e9 de communes du Quercy Rouergue et des Gorges de l&#039;Aveyron","article_published_time":"2022-12-10T09:55:00+00:00","article_modified_time":"2023-01-06T12:57:54+00:00","og_image":[{"width":1512,"height":2016,"url":"https:\/\/cc-qrga.fr\/wp-content\/uploads\/2023\/01\/photo1-3.jpg","type":"image\/jpeg"}],"author":"AmbreR","twitter_card":"summary_large_image","twitter_misc":{"Geschreven door":"AmbreR","Geschatte leestijd":"3 minuten"},"schema":{"@context":"https:\/\/schema.org","@graph":[{"@type":"Article","@id":"https:\/\/cc-qrga.fr\/portrait-de-nos-commercants-2\/#article","isPartOf":{"@id":"https:\/\/cc-qrga.fr\/portrait-de-nos-commercants-2\/"},"author":{"name":"AmbreR","@id":"https:\/\/cc-qrga.fr\/#\/schema\/person\/b0e22bcd3af3c03195b8c19300c63c83"},"headline":"[Julien]","datePublished":"2022-12-10T09:55:00+00:00","dateModified":"2023-01-06T12:57:54+00:00","mainEntityOfPage":{"@id":"https:\/\/cc-qrga.fr\/portrait-de-nos-commercants-2\/"},"wordCount":99,"image":{"@id":"https:\/\/cc-qrga.fr\/portrait-de-nos-commercants-2\/#primaryimage"},"thumbnailUrl":"https:\/\/cc-qrga.fr\/wp-content\/uploads\/2023\/01\/photo1-3.jpg","keywords":["Boulanger","Julien Barroul","Parisot"],"articleSection":["Parisot","Portrait commercant"],"inLanguage":"nl-BE"},{"@type":"WebPage","@id":"https:\/\/cc-qrga.fr\/portrait-de-nos-commercants-2\/","url":"https:\/\/cc-qrga.fr\/portrait-de-nos-commercants-2\/","name":"[Julien] - Communaut\u00e9 de communes du Quercy Rouergue et des Gorges de l&#039;Aveyron","isPartOf":{"@id":"https:\/\/cc-qrga.fr\/#website"},"primaryImageOfPage":{"@id":"https:\/\/cc-qrga.fr\/portrait-de-nos-commercants-2\/#primaryimage"},"image":{"@id":"https:\/\/cc-qrga.fr\/portrait-de-nos-commercants-2\/#primaryimage"},"thumbnailUrl":"https:\/\/cc-qrga.fr\/wp-content\/uploads\/2023\/01\/photo1-3.jpg","datePublished":"2022-12-10T09:55:00+00:00","dateModified":"2023-01-06T12:57:54+00:00","author":{"@id":"https:\/\/cc-qrga.fr\/#\/schema\/person\/b0e22bcd3af3c03195b8c19300c63c83"},"breadcrumb":{"@id":"https:\/\/cc-qrga.fr\/portrait-de-nos-commercants-2\/#breadcrumb"},"inLanguage":"nl-BE","potentialAction":[{"@type":"ReadAction","target":["https:\/\/cc-qrga.fr\/portrait-de-nos-commercants-2\/"]}]},{"@type":"ImageObject","inLanguage":"nl-BE","@id":"https:\/\/cc-qrga.fr\/portrait-de-nos-commercants-2\/#primaryimage","url":"https:\/\/cc-qrga.fr\/wp-content\/uploads\/2023\/01\/photo1-3.jpg","contentUrl":"https:\/\/cc-qrga.fr\/wp-content\/uploads\/2023\/01\/photo1-3.jpg","width":1512,"height":2016},{"@type":"BreadcrumbList","@id":"https:\/\/cc-qrga.fr\/portrait-de-nos-commercants-2\/#breadcrumb","itemListElement":[{"@type":"ListItem","position":1,"name":"Accueil","item":"https:\/\/cc-qrga.fr\/"},{"@type":"ListItem","position":2,"name":"[Julien]"}]},{"@type":"WebSite","@id":"https:\/\/cc-qrga.fr\/#website","url":"https:\/\/cc-qrga.fr\/","name":"Gemeenschap van gemeenten van Quercy Rouergue en de Gorges de l'Aveyron","description":"qrga","potentialAction":[{"@type":"SearchAction","target":{"@type":"EntryPoint","urlTemplate":"https:\/\/cc-qrga.fr\/?s={search_term_string}"},"query-input":{"@type":"PropertyValueSpecification","valueRequired":true,"valueName":"search_term_string"}}],"inLanguage":"nl-BE"},{"@type":"Person","@id":"https:\/\/cc-qrga.fr\/#\/schema\/person\/b0e22bcd3af3c03195b8c19300c63c83","name":"AmbreR","image":{"@type":"ImageObject","inLanguage":"nl-BE","@id":"https:\/\/secure.gravatar.com\/avatar\/a608f1f3bf9830730e4f923d7f6776c55eeeb7933c69f3140a36703e6230ac66?s=96&d=mm&r=g","url":"https:\/\/secure.gravatar.com\/avatar\/a608f1f3bf9830730e4f923d7f6776c55eeeb7933c69f3140a36703e6230ac66?s=96&d=mm&r=g","contentUrl":"https:\/\/secure.gravatar.com\/avatar\/a608f1f3bf9830730e4f923d7f6776c55eeeb7933c69f3140a36703e6230ac66?s=96&d=mm&r=g","caption":"AmbreR"},"url":"https:\/\/cc-qrga.fr\/nl\/author\/ambrer\/"}]}},"views":3413,"_links":{"self":[{"href":"https:\/\/cc-qrga.fr\/nl\/wp-json\/wp\/v2\/posts\/19087","targetHints":{"allow":["GET"]}}],"collection":[{"href":"https:\/\/cc-qrga.fr\/nl\/wp-json\/wp\/v2\/posts"}],"about":[{"href":"https:\/\/cc-qrga.fr\/nl\/wp-json\/wp\/v2\/types\/post"}],"author":[{"embeddable":true,"href":"https:\/\/cc-qrga.fr\/nl\/wp-json\/wp\/v2\/users\/18"}],"replies":[{"embeddable":true,"href":"https:\/\/cc-qrga.fr\/nl\/wp-json\/wp\/v2\/comments?post=19087"}],"version-history":[{"count":0,"href":"https:\/\/cc-qrga.fr\/nl\/wp-json\/wp\/v2\/posts\/19087\/revisions"}],"wp:featuredmedia":[{"embeddable":true,"href":"https:\/\/cc-qrga.fr\/nl\/wp-json\/wp\/v2\/media\/19088"}],"wp:attachment":[{"href":"https:\/\/cc-qrga.fr\/nl\/wp-json\/wp\/v2\/media?parent=19087"}],"wp:term":[{"taxonomy":"category","embeddable":true,"href":"https:\/\/cc-qrga.fr\/nl\/wp-json\/wp\/v2\/categories?post=19087"},{"taxonomy":"post_tag","embeddable":true,"href":"https:\/\/cc-qrga.fr\/nl\/wp-json\/wp\/v2\/tags?post=19087"}],"curies":[{"name":"wp","href":"https:\/\/api.w.org\/{rel}","templated":true}]}}