{"id":19311,"date":"2022-12-21T11:51:00","date_gmt":"2022-12-21T10:51:00","guid":{"rendered":"https:\/\/cc-qrga.fr\/?p=19311"},"modified":"2023-01-10T11:53:17","modified_gmt":"2023-01-10T10:53:17","slug":"franck-lucas","status":"publish","type":"post","link":"https:\/\/cc-qrga.fr\/nl\/franck-lucas\/","title":{"rendered":"[Franck &amp; Lucas]"},"content":{"rendered":"<p>Kom Franck en Lucas ontmoeten in hun reparatiewerkplaats voor motoren, cultivators en quads in Parisot! <img decoding=\"async\" alt=\"\ud83c\udfcd\" src=\"https:\/\/static.xx.fbcdn.net\/images\/emoji.php\/v9\/tec\/1\/16\/1f3cd.png\" width=\"16\" height=\"16\"><\/p>\n\n\n\n<p>Ze kunnen je voertuigen naar hun locatie vervoeren om ze te reviseren. <img decoding=\"async\" alt=\"\ud83d\udc4c\" src=\"https:\/\/static.xx.fbcdn.net\/images\/emoji.php\/v9\/t7b\/1\/16\/1f44c.png\" width=\"16\" height=\"16\"><\/p>\n\n\n\n<p><a><\/a>Je vindt een breed scala aan producten in de shop!<\/p>\n\n\n\n<p>Openingstijden <img decoding=\"async\" alt=\"\ud83d\udd50\" src=\"https:\/\/static.xx.fbcdn.net\/images\/emoji.php\/v9\/ta8\/1\/16\/1f550.png\" width=\"16\" height=\"16\"> :<\/p>\n\n\n\n<p>Maandag t\/m vrijdag: 8.30-12.00 uur en 14.00-18.30 uur.<\/p>\n\n\n\n<p>Meer informatie op 05 63 67 33 02 <img loading=\"lazy\" decoding=\"async\" width=\"16\" height=\"16\" src=\"https:\/\/static.xx.fbcdn.net\/images\/emoji.php\/v9\/t4d\/1\/16\/1f4de.png\" alt=\"\ud83d\udcde\"><\/p>\n\n\n\n<figure class=\"wp-block-image size-large\"><img loading=\"lazy\" decoding=\"async\" width=\"768\" height=\"1024\" src=\"https:\/\/cc-qrga.fr\/wp-content\/uploads\/2023\/01\/photo1-10-768x1024.jpg\" alt=\"\" class=\"wp-image-19312\" srcset=\"https:\/\/cc-qrga.fr\/wp-content\/uploads\/2023\/01\/photo1-10-768x1024.jpg 768w, https:\/\/cc-qrga.fr\/wp-content\/uploads\/2023\/01\/photo1-10-225x300.jpg 225w, https:\/\/cc-qrga.fr\/wp-content\/uploads\/2023\/01\/photo1-10-1152x1536.jpg 1152w, https:\/\/cc-qrga.fr\/wp-content\/uploads\/2023\/01\/photo1-10.jpg 1512w\" sizes=\"(max-width: 768px) 100vw, 768px\" \/><\/figure>","protected":false},"excerpt":{"rendered":"<p>Kom Franck en Lucas ontmoeten in hun reparatiewerkplaats voor motoren, dissels en quads in Parisot! Ze kunnen je voertuigen naar hun bedrijf brengen om ze te laten repareren. Je vindt er ook een ruim assortiment producten in de winkel! Openingstijden: maandag tot vrijdag van 8.30 tot 12.00 uur en van 14.00 tot 18.30 uur. Bel voor meer informatie 05 [...]<\/p>","protected":false},"author":18,"featured_media":19312,"comment_status":"closed","ping_status":"closed","sticky":false,"template":"","format":"standard","meta":{"footnotes":""},"categories":[71,68],"tags":[119,118,73],"class_list":["post-19311","post","type-post","status-publish","format-standard","has-post-thumbnail","hentry","category-parisot","category-portrait-commercant","tag-franck","tag-motoculteur","tag-parisot"],"yoast_head":"<!-- This site is optimized with the Yoast SEO plugin v27.4 - https:\/\/yoast.com\/product\/yoast-seo-wordpress\/ -->\n<title>[Franck &amp; Lucas] - Communaut\u00e9 de communes du Quercy Rouergue et des Gorges de l&#039;Aveyron<\/title>\n<meta name=\"robots\" content=\"index, follow, max-snippet:-1, max-image-preview:large, max-video-preview:-1\" \/>\n<link rel=\"canonical\" href=\"https:\/\/cc-qrga.fr\/nl\/franck-lucas\/\" \/>\n<meta property=\"og:locale\" content=\"nl_BE\" \/>\n<meta property=\"og:type\" content=\"article\" \/>\n<meta property=\"og:title\" content=\"[Franck &amp; Lucas] - Communaut\u00e9 de communes du Quercy Rouergue et des Gorges de l&#039;Aveyron\" \/>\n<meta property=\"og:description\" content=\"Venez rencontrer Franck et Lucas dans l&rsquo;atelier de r\u00e9paration de motos, motoculteurs et quads \u00e0 Parisot ! Ils peuvent transporter vos v\u00e9hicules pour une remise en \u00e9tat dans leur local. Retrouvez en boutique une large gamme de produits ! Horaires d&rsquo;ouverture : Du lundi au vendredi : 8h30-12h et 14h-18h30. Plus de renseignements au 05 [&hellip;]\" \/>\n<meta property=\"og:url\" content=\"https:\/\/cc-qrga.fr\/nl\/franck-lucas\/\" \/>\n<meta property=\"og:site_name\" content=\"Communaut\u00e9 de communes du Quercy Rouergue et des Gorges de l&#039;Aveyron\" \/>\n<meta property=\"article:published_time\" content=\"2022-12-21T10:51:00+00:00\" \/>\n<meta property=\"article:modified_time\" content=\"2023-01-10T10:53:17+00:00\" \/>\n<meta property=\"og:image\" content=\"https:\/\/cc-qrga.fr\/wp-content\/uploads\/2023\/01\/photo1-10.jpg\" \/>\n\t<meta property=\"og:image:width\" content=\"1512\" \/>\n\t<meta property=\"og:image:height\" content=\"2016\" \/>\n\t<meta property=\"og:image:type\" content=\"image\/jpeg\" \/>\n<meta name=\"author\" content=\"AmbreR\" \/>\n<meta name=\"twitter:card\" content=\"summary_large_image\" \/>\n<meta name=\"twitter:label1\" content=\"Geschreven door\" \/>\n\t<meta name=\"twitter:data1\" content=\"AmbreR\" \/>\n\t<meta name=\"twitter:label2\" content=\"Geschatte leestijd\" \/>\n\t<meta name=\"twitter:data2\" content=\"2 minuten\" \/>\n<script type=\"application\/ld+json\" class=\"yoast-schema-graph\">{\"@context\":\"https:\\\/\\\/schema.org\",\"@graph\":[{\"@type\":\"Article\",\"@id\":\"https:\\\/\\\/cc-qrga.fr\\\/franck-lucas\\\/#article\",\"isPartOf\":{\"@id\":\"https:\\\/\\\/cc-qrga.fr\\\/franck-lucas\\\/\"},\"author\":{\"name\":\"AmbreR\",\"@id\":\"https:\\\/\\\/cc-qrga.fr\\\/#\\\/schema\\\/person\\\/b0e22bcd3af3c03195b8c19300c63c83\"},\"headline\":\"[Franck &amp; Lucas]\",\"datePublished\":\"2022-12-21T10:51:00+00:00\",\"dateModified\":\"2023-01-10T10:53:17+00:00\",\"mainEntityOfPage\":{\"@id\":\"https:\\\/\\\/cc-qrga.fr\\\/franck-lucas\\\/\"},\"wordCount\":59,\"image\":{\"@id\":\"https:\\\/\\\/cc-qrga.fr\\\/franck-lucas\\\/#primaryimage\"},\"thumbnailUrl\":\"https:\\\/\\\/cc-qrga.fr\\\/wp-content\\\/uploads\\\/2023\\\/01\\\/photo1-10.jpg\",\"keywords\":[\"Franck\",\"Motoculteur\",\"Parisot\"],\"articleSection\":[\"Parisot\",\"Portrait commercant\"],\"inLanguage\":\"nl-BE\"},{\"@type\":\"WebPage\",\"@id\":\"https:\\\/\\\/cc-qrga.fr\\\/franck-lucas\\\/\",\"url\":\"https:\\\/\\\/cc-qrga.fr\\\/franck-lucas\\\/\",\"name\":\"[Franck &amp; Lucas] - Communaut\u00e9 de communes du Quercy Rouergue et des Gorges de l&#039;Aveyron\",\"isPartOf\":{\"@id\":\"https:\\\/\\\/cc-qrga.fr\\\/#website\"},\"primaryImageOfPage\":{\"@id\":\"https:\\\/\\\/cc-qrga.fr\\\/franck-lucas\\\/#primaryimage\"},\"image\":{\"@id\":\"https:\\\/\\\/cc-qrga.fr\\\/franck-lucas\\\/#primaryimage\"},\"thumbnailUrl\":\"https:\\\/\\\/cc-qrga.fr\\\/wp-content\\\/uploads\\\/2023\\\/01\\\/photo1-10.jpg\",\"datePublished\":\"2022-12-21T10:51:00+00:00\",\"dateModified\":\"2023-01-10T10:53:17+00:00\",\"author\":{\"@id\":\"https:\\\/\\\/cc-qrga.fr\\\/#\\\/schema\\\/person\\\/b0e22bcd3af3c03195b8c19300c63c83\"},\"breadcrumb\":{\"@id\":\"https:\\\/\\\/cc-qrga.fr\\\/franck-lucas\\\/#breadcrumb\"},\"inLanguage\":\"nl-BE\",\"potentialAction\":[{\"@type\":\"ReadAction\",\"target\":[\"https:\\\/\\\/cc-qrga.fr\\\/franck-lucas\\\/\"]}]},{\"@type\":\"ImageObject\",\"inLanguage\":\"nl-BE\",\"@id\":\"https:\\\/\\\/cc-qrga.fr\\\/franck-lucas\\\/#primaryimage\",\"url\":\"https:\\\/\\\/cc-qrga.fr\\\/wp-content\\\/uploads\\\/2023\\\/01\\\/photo1-10.jpg\",\"contentUrl\":\"https:\\\/\\\/cc-qrga.fr\\\/wp-content\\\/uploads\\\/2023\\\/01\\\/photo1-10.jpg\",\"width\":1512,\"height\":2016},{\"@type\":\"BreadcrumbList\",\"@id\":\"https:\\\/\\\/cc-qrga.fr\\\/franck-lucas\\\/#breadcrumb\",\"itemListElement\":[{\"@type\":\"ListItem\",\"position\":1,\"name\":\"Accueil\",\"item\":\"https:\\\/\\\/cc-qrga.fr\\\/\"},{\"@type\":\"ListItem\",\"position\":2,\"name\":\"[Franck &amp; Lucas]\"}]},{\"@type\":\"WebSite\",\"@id\":\"https:\\\/\\\/cc-qrga.fr\\\/#website\",\"url\":\"https:\\\/\\\/cc-qrga.fr\\\/\",\"name\":\"Communaut\u00e9 de communes du Quercy Rouergue et des Gorges de l&#039;Aveyron\",\"description\":\"qrga\",\"potentialAction\":[{\"@type\":\"SearchAction\",\"target\":{\"@type\":\"EntryPoint\",\"urlTemplate\":\"https:\\\/\\\/cc-qrga.fr\\\/?s={search_term_string}\"},\"query-input\":{\"@type\":\"PropertyValueSpecification\",\"valueRequired\":true,\"valueName\":\"search_term_string\"}}],\"inLanguage\":\"nl-BE\"},{\"@type\":\"Person\",\"@id\":\"https:\\\/\\\/cc-qrga.fr\\\/#\\\/schema\\\/person\\\/b0e22bcd3af3c03195b8c19300c63c83\",\"name\":\"AmbreR\",\"image\":{\"@type\":\"ImageObject\",\"inLanguage\":\"nl-BE\",\"@id\":\"https:\\\/\\\/secure.gravatar.com\\\/avatar\\\/a608f1f3bf9830730e4f923d7f6776c55eeeb7933c69f3140a36703e6230ac66?s=96&d=mm&r=g\",\"url\":\"https:\\\/\\\/secure.gravatar.com\\\/avatar\\\/a608f1f3bf9830730e4f923d7f6776c55eeeb7933c69f3140a36703e6230ac66?s=96&d=mm&r=g\",\"contentUrl\":\"https:\\\/\\\/secure.gravatar.com\\\/avatar\\\/a608f1f3bf9830730e4f923d7f6776c55eeeb7933c69f3140a36703e6230ac66?s=96&d=mm&r=g\",\"caption\":\"AmbreR\"},\"url\":\"https:\\\/\\\/cc-qrga.fr\\\/nl\\\/author\\\/ambrer\\\/\"}]}<\/script>\n<!-- \/ Yoast SEO plugin. -->","yoast_head_json":{"title":"[Franck &amp; Lucas] - Communaut\u00e9 de communes du Quercy Rouergue et des Gorges de l&#039;Aveyron","robots":{"index":"index","follow":"follow","max-snippet":"max-snippet:-1","max-image-preview":"max-image-preview:large","max-video-preview":"max-video-preview:-1"},"canonical":"https:\/\/cc-qrga.fr\/nl\/franck-lucas\/","og_locale":"nl_BE","og_type":"article","og_title":"[Franck &amp; Lucas] - Communaut\u00e9 de communes du Quercy Rouergue et des Gorges de l&#039;Aveyron","og_description":"Venez rencontrer Franck et Lucas dans l&rsquo;atelier de r\u00e9paration de motos, motoculteurs et quads \u00e0 Parisot ! Ils peuvent transporter vos v\u00e9hicules pour une remise en \u00e9tat dans leur local. Retrouvez en boutique une large gamme de produits ! Horaires d&rsquo;ouverture : Du lundi au vendredi : 8h30-12h et 14h-18h30. Plus de renseignements au 05 [&hellip;]","og_url":"https:\/\/cc-qrga.fr\/nl\/franck-lucas\/","og_site_name":"Communaut\u00e9 de communes du Quercy Rouergue et des Gorges de l&#039;Aveyron","article_published_time":"2022-12-21T10:51:00+00:00","article_modified_time":"2023-01-10T10:53:17+00:00","og_image":[{"width":1512,"height":2016,"url":"https:\/\/cc-qrga.fr\/wp-content\/uploads\/2023\/01\/photo1-10.jpg","type":"image\/jpeg"}],"author":"AmbreR","twitter_card":"summary_large_image","twitter_misc":{"Geschreven door":"AmbreR","Geschatte leestijd":"2 minuten"},"schema":{"@context":"https:\/\/schema.org","@graph":[{"@type":"Article","@id":"https:\/\/cc-qrga.fr\/franck-lucas\/#article","isPartOf":{"@id":"https:\/\/cc-qrga.fr\/franck-lucas\/"},"author":{"name":"AmbreR","@id":"https:\/\/cc-qrga.fr\/#\/schema\/person\/b0e22bcd3af3c03195b8c19300c63c83"},"headline":"[Franck &amp; Lucas]","datePublished":"2022-12-21T10:51:00+00:00","dateModified":"2023-01-10T10:53:17+00:00","mainEntityOfPage":{"@id":"https:\/\/cc-qrga.fr\/franck-lucas\/"},"wordCount":59,"image":{"@id":"https:\/\/cc-qrga.fr\/franck-lucas\/#primaryimage"},"thumbnailUrl":"https:\/\/cc-qrga.fr\/wp-content\/uploads\/2023\/01\/photo1-10.jpg","keywords":["Franck","Motoculteur","Parisot"],"articleSection":["Parisot","Portrait commercant"],"inLanguage":"nl-BE"},{"@type":"WebPage","@id":"https:\/\/cc-qrga.fr\/franck-lucas\/","url":"https:\/\/cc-qrga.fr\/franck-lucas\/","name":"[Franck &amp; Lucas] - Communaut\u00e9 de communes du Quercy Rouergue et des Gorges de l&#039;Aveyron","isPartOf":{"@id":"https:\/\/cc-qrga.fr\/#website"},"primaryImageOfPage":{"@id":"https:\/\/cc-qrga.fr\/franck-lucas\/#primaryimage"},"image":{"@id":"https:\/\/cc-qrga.fr\/franck-lucas\/#primaryimage"},"thumbnailUrl":"https:\/\/cc-qrga.fr\/wp-content\/uploads\/2023\/01\/photo1-10.jpg","datePublished":"2022-12-21T10:51:00+00:00","dateModified":"2023-01-10T10:53:17+00:00","author":{"@id":"https:\/\/cc-qrga.fr\/#\/schema\/person\/b0e22bcd3af3c03195b8c19300c63c83"},"breadcrumb":{"@id":"https:\/\/cc-qrga.fr\/franck-lucas\/#breadcrumb"},"inLanguage":"nl-BE","potentialAction":[{"@type":"ReadAction","target":["https:\/\/cc-qrga.fr\/franck-lucas\/"]}]},{"@type":"ImageObject","inLanguage":"nl-BE","@id":"https:\/\/cc-qrga.fr\/franck-lucas\/#primaryimage","url":"https:\/\/cc-qrga.fr\/wp-content\/uploads\/2023\/01\/photo1-10.jpg","contentUrl":"https:\/\/cc-qrga.fr\/wp-content\/uploads\/2023\/01\/photo1-10.jpg","width":1512,"height":2016},{"@type":"BreadcrumbList","@id":"https:\/\/cc-qrga.fr\/franck-lucas\/#breadcrumb","itemListElement":[{"@type":"ListItem","position":1,"name":"Accueil","item":"https:\/\/cc-qrga.fr\/"},{"@type":"ListItem","position":2,"name":"[Franck &amp; Lucas]"}]},{"@type":"WebSite","@id":"https:\/\/cc-qrga.fr\/#website","url":"https:\/\/cc-qrga.fr\/","name":"Gemeenschap van gemeenten van Quercy Rouergue en de Gorges de l'Aveyron","description":"qrga","potentialAction":[{"@type":"SearchAction","target":{"@type":"EntryPoint","urlTemplate":"https:\/\/cc-qrga.fr\/?s={search_term_string}"},"query-input":{"@type":"PropertyValueSpecification","valueRequired":true,"valueName":"search_term_string"}}],"inLanguage":"nl-BE"},{"@type":"Person","@id":"https:\/\/cc-qrga.fr\/#\/schema\/person\/b0e22bcd3af3c03195b8c19300c63c83","name":"AmbreR","image":{"@type":"ImageObject","inLanguage":"nl-BE","@id":"https:\/\/secure.gravatar.com\/avatar\/a608f1f3bf9830730e4f923d7f6776c55eeeb7933c69f3140a36703e6230ac66?s=96&d=mm&r=g","url":"https:\/\/secure.gravatar.com\/avatar\/a608f1f3bf9830730e4f923d7f6776c55eeeb7933c69f3140a36703e6230ac66?s=96&d=mm&r=g","contentUrl":"https:\/\/secure.gravatar.com\/avatar\/a608f1f3bf9830730e4f923d7f6776c55eeeb7933c69f3140a36703e6230ac66?s=96&d=mm&r=g","caption":"AmbreR"},"url":"https:\/\/cc-qrga.fr\/nl\/author\/ambrer\/"}]}},"views":3138,"_links":{"self":[{"href":"https:\/\/cc-qrga.fr\/nl\/wp-json\/wp\/v2\/posts\/19311","targetHints":{"allow":["GET"]}}],"collection":[{"href":"https:\/\/cc-qrga.fr\/nl\/wp-json\/wp\/v2\/posts"}],"about":[{"href":"https:\/\/cc-qrga.fr\/nl\/wp-json\/wp\/v2\/types\/post"}],"author":[{"embeddable":true,"href":"https:\/\/cc-qrga.fr\/nl\/wp-json\/wp\/v2\/users\/18"}],"replies":[{"embeddable":true,"href":"https:\/\/cc-qrga.fr\/nl\/wp-json\/wp\/v2\/comments?post=19311"}],"version-history":[{"count":0,"href":"https:\/\/cc-qrga.fr\/nl\/wp-json\/wp\/v2\/posts\/19311\/revisions"}],"wp:featuredmedia":[{"embeddable":true,"href":"https:\/\/cc-qrga.fr\/nl\/wp-json\/wp\/v2\/media\/19312"}],"wp:attachment":[{"href":"https:\/\/cc-qrga.fr\/nl\/wp-json\/wp\/v2\/media?parent=19311"}],"wp:term":[{"taxonomy":"category","embeddable":true,"href":"https:\/\/cc-qrga.fr\/nl\/wp-json\/wp\/v2\/categories?post=19311"},{"taxonomy":"post_tag","embeddable":true,"href":"https:\/\/cc-qrga.fr\/nl\/wp-json\/wp\/v2\/tags?post=19311"}],"curies":[{"name":"wp","href":"https:\/\/api.w.org\/{rel}","templated":true}]}}