{"id":26601,"date":"2024-09-23T11:03:35","date_gmt":"2024-09-23T09:03:35","guid":{"rendered":"https:\/\/cc-qrga.fr\/?p=26601"},"modified":"2024-10-02T09:18:22","modified_gmt":"2024-10-02T07:18:22","slug":"fete-du-fablab","status":"publish","type":"post","link":"https:\/\/cc-qrga.fr\/nl\/fete-du-fablab\/","title":{"rendered":"FabLab feest"},"content":{"rendered":"<div data-elementor-type=\"wp-post\" data-elementor-id=\"26601\" class=\"elementor elementor-26601\" data-elementor-post-type=\"post\">\n\t\t\t\t<div class=\"has_eae_slider elementor-element elementor-element-undefined-4884925 e-flex e-con-boxed e-con e-parent\" data-eae-slider=\"17917\" data-id=\"undefined-4884925\" data-element_type=\"container\" data-e-type=\"container\">\n\t\t\t\t\t<div class=\"e-con-inner\">\n\t\t<div class=\"has_eae_slider elementor-element elementor-element-undefined-c5e8b2e e-con-full e-flex e-con e-child\" data-eae-slider=\"84798\" data-id=\"undefined-c5e8b2e\" data-element_type=\"container\" data-e-type=\"container\">\n\t\t<div class=\"has_eae_slider elementor-element elementor-element-undefined-bfe75c6 e-con-full e-flex e-con e-child\" data-eae-slider=\"32621\" data-id=\"undefined-bfe75c6\" data-element_type=\"container\" data-e-type=\"container\">\n\t\t\t\t<div class=\"elementor-element elementor-element-undefined-0c773ee elementor-widget elementor-widget-heading\" data-id=\"undefined-0c773ee\" data-element_type=\"widget\" data-e-type=\"widget\" data-widget_type=\"heading.default\">\n\t\t\t\t<div class=\"elementor-widget-container\">\n\t\t\t\t\t<h5 class=\"elementor-heading-title elementor-size-default\">Er staat je een onvergetelijk evenement te wachten in La Fabrique Caylus<\/h5>\t\t\t\t<\/div>\n\t\t\t\t<\/div>\n\t\t\t\t<div class=\"elementor-element elementor-element-undefined-29c2db3 elementor-widget elementor-widget-heading\" data-id=\"undefined-29c2db3\" data-element_type=\"widget\" data-e-type=\"widget\" data-widget_type=\"heading.default\">\n\t\t\t\t<div class=\"elementor-widget-container\">\n\t\t\t\t\t<h2 class=\"elementor-heading-title elementor-size-default\">FabLab feest<\/h2>\t\t\t\t<\/div>\n\t\t\t\t<\/div>\n\t\t\t\t<div class=\"elementor-element elementor-element-undefined-9677636 elementor-widget elementor-widget-heading\" data-id=\"undefined-9677636\" data-element_type=\"widget\" data-e-type=\"widget\" data-widget_type=\"heading.default\">\n\t\t\t\t<div class=\"elementor-widget-container\">\n\t\t\t\t\t<h5 class=\"elementor-heading-title elementor-size-default\">Ontdek de Fabrique - Gratis toegang<\/h5>\t\t\t\t<\/div>\n\t\t\t\t<\/div>\n\t\t\t\t<\/div>\n\t\t<div class=\"has_eae_slider elementor-element elementor-element-undefined-daba14c e-con-full e-flex e-con e-child\" data-eae-slider=\"48482\" data-id=\"undefined-daba14c\" data-element_type=\"container\" data-e-type=\"container\">\n\t\t\t\t<div class=\"elementor-element elementor-element-undefined-c9b1cb0 elementor-widget__width-auto elementor-align-right elementor-widget elementor-widget-button\" data-id=\"undefined-c9b1cb0\" data-element_type=\"widget\" data-e-type=\"widget\" data-widget_type=\"button.default\">\n\t\t\t\t<div class=\"elementor-widget-container\">\n\t\t\t\t\t\t\t\t\t<div class=\"elementor-button-wrapper\">\n\t\t\t\t\t<a class=\"elementor-button elementor-size-sm\" role=\"button\">\n\t\t\t\t\t\t<span class=\"elementor-button-content-wrapper\">\n\t\t\t\t\t\t\t\t\t<span class=\"elementor-button-text\">Zaterdag 12 oktober<\/span>\n\t\t\t\t\t<\/span>\n\t\t\t\t\t<\/a>\n\t\t\t\t<\/div>\n\t\t\t\t\t\t\t\t<\/div>\n\t\t\t\t<\/div>\n\t\t\t\t<\/div>\n\t\t\t\t<\/div>\n\t\t<div class=\"has_eae_slider elementor-element elementor-element-undefined-bcbd9b5 e-con-full e-flex e-con e-child\" data-eae-slider=\"53783\" data-id=\"undefined-bcbd9b5\" data-element_type=\"container\" data-e-type=\"container\">\n\t\t<div class=\"has_eae_slider elementor-element elementor-element-undefined-c0fff16 e-con-full e-flex e-con e-child\" data-eae-slider=\"63836\" data-id=\"undefined-c0fff16\" data-element_type=\"container\" data-e-type=\"container\">\n\t\t\t\t<div class=\"elementor-element elementor-element-undefined-9449b5d elementor-widget elementor-widget-image\" data-id=\"undefined-9449b5d\" data-element_type=\"widget\" data-e-type=\"widget\" data-widget_type=\"image.default\">\n\t\t\t\t<div class=\"elementor-widget-container\">\n\t\t\t\t\t\t\t\t\t\t\t\t\t\t\t<img fetchpriority=\"high\" decoding=\"async\" width=\"800\" height=\"586\" src=\"https:\/\/cc-qrga.fr\/wp-content\/uploads\/2024\/09\/Fete-caylus-post-1024x750.jpg\" class=\"attachment-large size-large wp-image-26604\" alt=\"\" srcset=\"https:\/\/cc-qrga.fr\/wp-content\/uploads\/2024\/09\/Fete-caylus-post-1024x750.jpg 1024w, https:\/\/cc-qrga.fr\/wp-content\/uploads\/2024\/09\/Fete-caylus-post-300x220.jpg 300w, https:\/\/cc-qrga.fr\/wp-content\/uploads\/2024\/09\/Fete-caylus-post-768x563.jpg 768w, https:\/\/cc-qrga.fr\/wp-content\/uploads\/2024\/09\/Fete-caylus-post.jpg 1200w\" sizes=\"(max-width: 800px) 100vw, 800px\" \/>\t\t\t\t\t\t\t\t\t\t\t\t\t\t\t<\/div>\n\t\t\t\t<\/div>\n\t\t<div class=\"has_eae_slider elementor-element elementor-element-undefined-e092136 e-con-full e-flex e-con e-child\" data-eae-slider=\"87680\" data-id=\"undefined-e092136\" data-element_type=\"container\" data-e-type=\"container\">\n\t\t<div class=\"has_eae_slider elementor-element elementor-element-undefined-ae36f9b e-con-full e-flex e-con e-child\" data-eae-slider=\"36316\" data-id=\"undefined-ae36f9b\" data-element_type=\"container\" data-e-type=\"container\">\n\t\t\t\t<div class=\"elementor-element elementor-element-undefined-f217637 elementor-view-default elementor-widget elementor-widget-icon\" data-id=\"undefined-f217637\" data-element_type=\"widget\" data-e-type=\"widget\" data-widget_type=\"icon.default\">\n\t\t\t\t<div class=\"elementor-widget-container\">\n\t\t\t\t\t\t\t<div class=\"elementor-icon-wrapper\">\n\t\t\t<div class=\"elementor-icon\">\n\t\t\t<i aria-hidden=\"true\" class=\"fas fa-star\"><\/i>\t\t\t<\/div>\n\t\t<\/div>\n\t\t\t\t\t\t<\/div>\n\t\t\t\t<\/div>\n\t\t\t\t<div class=\"elementor-element elementor-element-undefined-c539ab3 elementor-widget elementor-widget-heading\" data-id=\"undefined-c539ab3\" data-element_type=\"widget\" data-e-type=\"widget\" data-widget_type=\"heading.default\">\n\t\t\t\t<div class=\"elementor-widget-container\">\n\t\t\t\t\t<h2 class=\"elementor-heading-title elementor-size-default\">Van 14.00 tot 19.00 uur<\/h2>\t\t\t\t<\/div>\n\t\t\t\t<\/div>\n\t\t\t\t<\/div>\n\t\t\t\t<div class=\"elementor-element elementor-element-undefined-5b4c6cd elementor-widget elementor-widget-heading\" data-id=\"undefined-5b4c6cd\" data-element_type=\"widget\" data-e-type=\"widget\" data-widget_type=\"heading.default\">\n\t\t\t\t<div class=\"elementor-widget-container\">\n\t\t\t\t\t<h2 class=\"elementor-heading-title elementor-size-default\">Het programma<\/h2>\t\t\t\t<\/div>\n\t\t\t\t<\/div>\n\t\t\t\t<div class=\"elementor-element elementor-element-undefined-9f7c140 elementor-widget elementor-widget-text-editor\" data-id=\"undefined-9f7c140\" data-element_type=\"widget\" data-e-type=\"widget\" data-widget_type=\"text-editor.default\">\n\t\t\t\t<div class=\"elementor-widget-container\">\n\t\t\t\t\t\t\t\t\t<p class=\"p1\"><b>La Fabrique ontdekken<span class=\"Apple-converted-space\">\u00a0<\/span><\/b><\/p><p class=\"p1\"><b>Bezoek en demonstratie<\/b><\/p><p class=\"p2\">Ontdek het fablab en zijn machines! Het team geeft je de hele middag een rondleiding en demonstraties.<\/p><p class=\"p1\"><b>Eva Vedel Bijeenkomst en demonstratie<\/b><\/p><p class=\"p2\"><span class=\"s1\">Eva Vedel, kunstenaar-ontwerper, combineert ambacht en digitale technologie om werken te cre\u00ebren op de grens tussen kunst en wetenschap. Op deze dag presenteert ze 3D-printen in keramiek.<\/span><\/p><p class=\"p1\"><b>Inleiding tot graveertechnieken <br \/>Workshop voor ouders en kinderen<\/b><span class=\"s2\">. <br \/><\/span>Gehost door Atelier Pyramide en Maison Terrrrible.<\/p><p class=\"p2\">Inleidende workshop tetrapak graveren: leer hoe je een ontwerp van je verbeelding met de hand kunt afdrukken, terwijl je je melk- en sappakken hergebruikt. Een eenvoudige techniek die je thuis kunt reproduceren. <span class=\"s2\">jezelf!<\/span><\/p><p class=\"p1\"><b>\"Planten, ontwerpers van de extreme<span class=\"Apple-converted-space\">\u00a0<\/span><\/b><\/p><p class=\"p1\"><b>Workshop voor ouders en kinderen<\/b><\/p><p class=\"p2\">Ontdek de ongelooflijke strategie\u00ebn die planten gebruiken om hun zaden te verspreiden. In het praktische gedeelte maak je je eigen \"zaadbommen\" om een beetje wilde schoonheid om je heen te zaaien. Laten we beginnen!<\/p><p class=\"p1\"><b>Le Philmaton \/ Collectif 12 volt <br \/>Kunstinstallaties<\/b><\/p><p class=\"p2\">Philmaton is een video-exquisite lijk. In een stand kun je de laatste video-item bekijken en je eigen voortzetting van het verhaal opnemen. Naast de stand staat een filmkijkkast en aan het eind van de dag worden alle films vertoond.<\/p><p class=\"p1\"><b>RATM \/ Collectif 12 volt <br \/>Kunstinstallaties<\/b><\/p><p class=\"p2\">\"Raquette Against The Machine is een interactieve show die sport en muziek combineert. Het publiek doet mee door muziek te maken met een badmintonracket en een shuttlecock.<\/p>\t\t\t\t\t\t\t\t<\/div>\n\t\t\t\t<\/div>\n\t\t\t\t<\/div>\n\t\t<div class=\"has_eae_slider elementor-element elementor-element-undefined-aeb742d e-con-full e-flex e-con e-child\" data-eae-slider=\"97256\" data-id=\"undefined-aeb742d\" data-element_type=\"container\" data-e-type=\"container\">\n\t\t\t\t<div class=\"elementor-element elementor-element-undefined-488764f elementor-widget__width-auto elementor-widget elementor-widget-button\" data-id=\"undefined-488764f\" data-element_type=\"widget\" data-e-type=\"widget\" data-widget_type=\"button.default\">\n\t\t\t\t<div class=\"elementor-widget-container\">\n\t\t\t\t\t\t\t\t\t<div class=\"elementor-button-wrapper\">\n\t\t\t\t\t<a class=\"elementor-button elementor-button-link elementor-size-sm\" href=\"https:\/\/lafabriquecaylus.fr\">\n\t\t\t\t\t\t<span class=\"elementor-button-content-wrapper\">\n\t\t\t\t\t\t\t\t\t<span class=\"elementor-button-text\">www.lafabriquecaylus.fr<\/span>\n\t\t\t\t\t<\/span>\n\t\t\t\t\t<\/a>\n\t\t\t\t<\/div>\n\t\t\t\t\t\t\t\t<\/div>\n\t\t\t\t<\/div>\n\t\t\t\t<\/div>\n\t\t\t\t<\/div>\n\t\t<div class=\"has_eae_slider elementor-element elementor-element-undefined-e1a0800 e-con-full e-flex e-con e-child\" data-eae-slider=\"8447\" data-id=\"undefined-e1a0800\" data-element_type=\"container\" data-e-type=\"container\">\n\t\t\t\t<div class=\"elementor-element elementor-element-undefined-a7764a1 elementor-widget elementor-widget-image\" data-id=\"undefined-a7764a1\" data-element_type=\"widget\" data-e-type=\"widget\" data-widget_type=\"image.default\">\n\t\t\t\t<div class=\"elementor-widget-container\">\n\t\t\t\t\t\t\t\t\t\t\t\t\t\t\t<img decoding=\"async\" width=\"800\" height=\"532\" src=\"https:\/\/cc-qrga.fr\/wp-content\/uploads\/2024\/09\/oiseau.jpg\" class=\"attachment-large size-large wp-image-26605\" alt=\"\" srcset=\"https:\/\/cc-qrga.fr\/wp-content\/uploads\/2024\/09\/oiseau.jpg 1000w, https:\/\/cc-qrga.fr\/wp-content\/uploads\/2024\/09\/oiseau-300x200.jpg 300w, https:\/\/cc-qrga.fr\/wp-content\/uploads\/2024\/09\/oiseau-768x511.jpg 768w\" sizes=\"(max-width: 800px) 100vw, 800px\" \/>\t\t\t\t\t\t\t\t\t\t\t\t\t\t\t<\/div>\n\t\t\t\t<\/div>\n\t\t<div class=\"has_eae_slider elementor-element elementor-element-undefined-deeedb3 e-con-full e-flex e-con e-child\" data-eae-slider=\"3376\" data-id=\"undefined-deeedb3\" data-element_type=\"container\" data-e-type=\"container\">\n\t\t<div class=\"has_eae_slider elementor-element elementor-element-undefined-d321cb5 e-con-full e-flex e-con e-child\" data-eae-slider=\"58521\" data-id=\"undefined-d321cb5\" data-element_type=\"container\" data-e-type=\"container\">\n\t\t\t\t<div class=\"elementor-element elementor-element-undefined-5a0356a elementor-view-default elementor-widget elementor-widget-icon\" data-id=\"undefined-5a0356a\" data-element_type=\"widget\" data-e-type=\"widget\" data-widget_type=\"icon.default\">\n\t\t\t\t<div class=\"elementor-widget-container\">\n\t\t\t\t\t\t\t<div class=\"elementor-icon-wrapper\">\n\t\t\t<div class=\"elementor-icon\">\n\t\t\t<i aria-hidden=\"true\" class=\"fas fa-star\"><\/i>\t\t\t<\/div>\n\t\t<\/div>\n\t\t\t\t\t\t<\/div>\n\t\t\t\t<\/div>\n\t\t\t\t<div class=\"elementor-element elementor-element-undefined-b0560a7 elementor-widget elementor-widget-heading\" data-id=\"undefined-b0560a7\" data-element_type=\"widget\" data-e-type=\"widget\" data-widget_type=\"heading.default\">\n\t\t\t\t<div class=\"elementor-widget-container\">\n\t\t\t\t\t<h2 class=\"elementor-heading-title elementor-size-default\">Vanaf 19.00 uur<\/h2>\t\t\t\t<\/div>\n\t\t\t\t<\/div>\n\t\t\t\t<\/div>\n\t\t\t\t<div class=\"elementor-element elementor-element-undefined-5591cd7 elementor-widget elementor-widget-heading\" data-id=\"undefined-5591cd7\" data-element_type=\"widget\" data-e-type=\"widget\" data-widget_type=\"heading.default\">\n\t\t\t\t<div class=\"elementor-widget-container\">\n\t\t\t\t\t<h2 class=\"elementor-heading-title elementor-size-default\">Wereldmuziek\/Chill DJ-set\n<\/h2>\t\t\t\t<\/div>\n\t\t\t\t<\/div>\n\t\t\t\t<div class=\"elementor-element elementor-element-undefined-61c7450 elementor-widget elementor-widget-text-editor\" data-id=\"undefined-61c7450\" data-element_type=\"widget\" data-e-type=\"widget\" data-widget_type=\"text-editor.default\">\n\t\t\t\t<div class=\"elementor-widget-container\">\n\t\t\t\t\t\t\t\t\t<p class=\"p1\">Er is nog steeds tijd om de wereld opnieuw te maken! Kom naar de ontspanningsruimte voor een DJ-set met een zorgvuldige selectie van vinylplaten die je in de loop der jaren hebt verzameld. Een muzikale wereldreis in slechts een paar uur en op 33 toeren.<\/p>\t\t\t\t\t\t\t\t<\/div>\n\t\t\t\t<\/div>\n\t\t\t\t<\/div>\n\t\t<div class=\"has_eae_slider elementor-element elementor-element-undefined-fb46ff9 e-con-full e-flex e-con e-child\" data-eae-slider=\"73519\" data-id=\"undefined-fb46ff9\" data-element_type=\"container\" data-e-type=\"container\">\n\t\t\t\t<div class=\"elementor-element elementor-element-undefined-02afcf3 elementor-widget__width-auto elementor-widget elementor-widget-button\" data-id=\"undefined-02afcf3\" data-element_type=\"widget\" data-e-type=\"widget\" data-widget_type=\"button.default\">\n\t\t\t\t<div class=\"elementor-widget-container\">\n\t\t\t\t\t\t\t\t\t<div class=\"elementor-button-wrapper\">\n\t\t\t\t\t<a class=\"elementor-button elementor-button-link elementor-size-sm\" href=\"#\">\n\t\t\t\t\t\t<span class=\"elementor-button-content-wrapper\">\n\t\t\t\t\t\t\t\t\t<span class=\"elementor-button-text\">Versnaperingen en snacks ter plaatse<\/span>\n\t\t\t\t\t<\/span>\n\t\t\t\t\t<\/a>\n\t\t\t\t<\/div>\n\t\t\t\t\t\t\t\t<\/div>\n\t\t\t\t<\/div>\n\t\t\t\t<\/div>\n\t\t\t\t<\/div>\n\t\t\t\t<\/div>\n\t\t\t\t\t<\/div>\n\t\t\t\t<\/div>\n\t\t\t\t<\/div>","protected":false},"excerpt":{"rendered":"<p>Er staat je een onvergetelijk evenement te wachten bij La Fabrique Caylus Het FabLab feest Ontdek de Fabrique - Gratis toegang Zaterdag 12 oktober 14.00 tot 19.00 uur Programma Ontdek de Fabrique Bezoek en demonstratie Ontdek het Fablab en zijn machines! Het team neemt je mee voor een rondleiding over de site en [...]<\/p>","protected":false},"author":11,"featured_media":26604,"comment_status":"closed","ping_status":"closed","sticky":false,"template":"","format":"standard","meta":{"footnotes":""},"categories":[26],"tags":[],"class_list":["post-26601","post","type-post","status-publish","format-standard","has-post-thumbnail","hentry","category-accueil-de-loisirs"],"yoast_head":"<!-- This site is optimized with the Yoast SEO plugin v27.5 - https:\/\/yoast.com\/product\/yoast-seo-wordpress\/ -->\n<title>F\u00eate du FabLab - Communaut\u00e9 de communes du Quercy Rouergue et des Gorges de l&#039;Aveyron<\/title>\n<meta name=\"robots\" content=\"index, follow, max-snippet:-1, max-image-preview:large, max-video-preview:-1\" \/>\n<link rel=\"canonical\" href=\"https:\/\/cc-qrga.fr\/nl\/fete-du-fablab\/\" \/>\n<meta property=\"og:locale\" content=\"nl_BE\" \/>\n<meta property=\"og:type\" content=\"article\" \/>\n<meta property=\"og:title\" content=\"F\u00eate du FabLab - Communaut\u00e9 de communes du Quercy Rouergue et des Gorges de l&#039;Aveyron\" \/>\n<meta property=\"og:description\" content=\"Un \u00e9v\u00e9nement inoubliable vous attend \u00e0 La Fabrique Caylus La f\u00eate du FabLab A la d\u00e9couverte de la Fabrique &#8211; Entr\u00e9e gratuite samedi 12 octobre De 14h \u00e0 19h Au programme A la d\u00e9couverte de La Fabrique\u00a0 Visite et d\u00e9monstration D\u00e9couvrez le fablab et ses machines ! L\u2019\u00e9quipe vous fera visiter le site et proposera [&hellip;]\" \/>\n<meta property=\"og:url\" content=\"https:\/\/cc-qrga.fr\/nl\/fete-du-fablab\/\" \/>\n<meta property=\"og:site_name\" content=\"Communaut\u00e9 de communes du Quercy Rouergue et des Gorges de l&#039;Aveyron\" \/>\n<meta property=\"article:published_time\" content=\"2024-09-23T09:03:35+00:00\" \/>\n<meta property=\"article:modified_time\" content=\"2024-10-02T07:18:22+00:00\" \/>\n<meta property=\"og:image\" content=\"https:\/\/cc-qrga.fr\/wp-content\/uploads\/2024\/09\/Fete-caylus-post.jpg\" \/>\n\t<meta property=\"og:image:width\" content=\"1200\" \/>\n\t<meta property=\"og:image:height\" content=\"879\" \/>\n\t<meta property=\"og:image:type\" content=\"image\/jpeg\" \/>\n<meta name=\"author\" content=\"Francis Khattou\" \/>\n<meta name=\"twitter:card\" content=\"summary_large_image\" \/>\n<meta name=\"twitter:label1\" content=\"Geschreven door\" \/>\n\t<meta name=\"twitter:data1\" content=\"Francis Khattou\" \/>\n\t<meta name=\"twitter:label2\" content=\"Geschatte leestijd\" \/>\n\t<meta name=\"twitter:data2\" content=\"3 minuten\" \/>\n<script type=\"application\/ld+json\" class=\"yoast-schema-graph\">{\"@context\":\"https:\\\/\\\/schema.org\",\"@graph\":[{\"@type\":\"Article\",\"@id\":\"https:\\\/\\\/cc-qrga.fr\\\/fete-du-fablab\\\/#article\",\"isPartOf\":{\"@id\":\"https:\\\/\\\/cc-qrga.fr\\\/fete-du-fablab\\\/\"},\"author\":{\"name\":\"Francis Khattou\",\"@id\":\"https:\\\/\\\/cc-qrga.fr\\\/#\\\/schema\\\/person\\\/5f618ab30a56d9300060ba0b7bdefb6d\"},\"headline\":\"F\u00eate du FabLab\",\"datePublished\":\"2024-09-23T09:03:35+00:00\",\"dateModified\":\"2024-10-02T07:18:22+00:00\",\"mainEntityOfPage\":{\"@id\":\"https:\\\/\\\/cc-qrga.fr\\\/fete-du-fablab\\\/\"},\"wordCount\":371,\"image\":{\"@id\":\"https:\\\/\\\/cc-qrga.fr\\\/fete-du-fablab\\\/#primaryimage\"},\"thumbnailUrl\":\"https:\\\/\\\/cc-qrga.fr\\\/wp-content\\\/uploads\\\/2024\\\/09\\\/Fete-caylus-post.jpg\",\"articleSection\":[\"Actualit\u00e9s\"],\"inLanguage\":\"nl-BE\"},{\"@type\":\"WebPage\",\"@id\":\"https:\\\/\\\/cc-qrga.fr\\\/fete-du-fablab\\\/\",\"url\":\"https:\\\/\\\/cc-qrga.fr\\\/fete-du-fablab\\\/\",\"name\":\"F\u00eate du FabLab - Communaut\u00e9 de communes du Quercy Rouergue et des Gorges de l&#039;Aveyron\",\"isPartOf\":{\"@id\":\"https:\\\/\\\/cc-qrga.fr\\\/#website\"},\"primaryImageOfPage\":{\"@id\":\"https:\\\/\\\/cc-qrga.fr\\\/fete-du-fablab\\\/#primaryimage\"},\"image\":{\"@id\":\"https:\\\/\\\/cc-qrga.fr\\\/fete-du-fablab\\\/#primaryimage\"},\"thumbnailUrl\":\"https:\\\/\\\/cc-qrga.fr\\\/wp-content\\\/uploads\\\/2024\\\/09\\\/Fete-caylus-post.jpg\",\"datePublished\":\"2024-09-23T09:03:35+00:00\",\"dateModified\":\"2024-10-02T07:18:22+00:00\",\"author\":{\"@id\":\"https:\\\/\\\/cc-qrga.fr\\\/#\\\/schema\\\/person\\\/5f618ab30a56d9300060ba0b7bdefb6d\"},\"breadcrumb\":{\"@id\":\"https:\\\/\\\/cc-qrga.fr\\\/fete-du-fablab\\\/#breadcrumb\"},\"inLanguage\":\"nl-BE\",\"potentialAction\":[{\"@type\":\"ReadAction\",\"target\":[\"https:\\\/\\\/cc-qrga.fr\\\/fete-du-fablab\\\/\"]}]},{\"@type\":\"ImageObject\",\"inLanguage\":\"nl-BE\",\"@id\":\"https:\\\/\\\/cc-qrga.fr\\\/fete-du-fablab\\\/#primaryimage\",\"url\":\"https:\\\/\\\/cc-qrga.fr\\\/wp-content\\\/uploads\\\/2024\\\/09\\\/Fete-caylus-post.jpg\",\"contentUrl\":\"https:\\\/\\\/cc-qrga.fr\\\/wp-content\\\/uploads\\\/2024\\\/09\\\/Fete-caylus-post.jpg\",\"width\":1200,\"height\":879},{\"@type\":\"BreadcrumbList\",\"@id\":\"https:\\\/\\\/cc-qrga.fr\\\/fete-du-fablab\\\/#breadcrumb\",\"itemListElement\":[{\"@type\":\"ListItem\",\"position\":1,\"name\":\"Accueil\",\"item\":\"https:\\\/\\\/cc-qrga.fr\\\/\"},{\"@type\":\"ListItem\",\"position\":2,\"name\":\"F\u00eate du FabLab\"}]},{\"@type\":\"WebSite\",\"@id\":\"https:\\\/\\\/cc-qrga.fr\\\/#website\",\"url\":\"https:\\\/\\\/cc-qrga.fr\\\/\",\"name\":\"Communaut\u00e9 de communes du Quercy Rouergue et des Gorges de l&#039;Aveyron\",\"description\":\"qrga\",\"potentialAction\":[{\"@type\":\"SearchAction\",\"target\":{\"@type\":\"EntryPoint\",\"urlTemplate\":\"https:\\\/\\\/cc-qrga.fr\\\/?s={search_term_string}\"},\"query-input\":{\"@type\":\"PropertyValueSpecification\",\"valueRequired\":true,\"valueName\":\"search_term_string\"}}],\"inLanguage\":\"nl-BE\"},{\"@type\":\"Person\",\"@id\":\"https:\\\/\\\/cc-qrga.fr\\\/#\\\/schema\\\/person\\\/5f618ab30a56d9300060ba0b7bdefb6d\",\"name\":\"Francis Khattou\",\"image\":{\"@type\":\"ImageObject\",\"inLanguage\":\"nl-BE\",\"@id\":\"https:\\\/\\\/secure.gravatar.com\\\/avatar\\\/75c01a7293a6de6a7d2bd2eda123ab701d97a0ae6d66a87719d9725808597eeb?s=96&d=mm&r=g\",\"url\":\"https:\\\/\\\/secure.gravatar.com\\\/avatar\\\/75c01a7293a6de6a7d2bd2eda123ab701d97a0ae6d66a87719d9725808597eeb?s=96&d=mm&r=g\",\"contentUrl\":\"https:\\\/\\\/secure.gravatar.com\\\/avatar\\\/75c01a7293a6de6a7d2bd2eda123ab701d97a0ae6d66a87719d9725808597eeb?s=96&d=mm&r=g\",\"caption\":\"Francis Khattou\"},\"url\":\"https:\\\/\\\/cc-qrga.fr\\\/nl\\\/author\\\/bapla82140\\\/\"}]}<\/script>\n<!-- \/ Yoast SEO plugin. -->","yoast_head_json":{"title":"F\u00eate du FabLab - Communaut\u00e9 de communes du Quercy Rouergue et des Gorges de l&#039;Aveyron","robots":{"index":"index","follow":"follow","max-snippet":"max-snippet:-1","max-image-preview":"max-image-preview:large","max-video-preview":"max-video-preview:-1"},"canonical":"https:\/\/cc-qrga.fr\/nl\/fete-du-fablab\/","og_locale":"nl_BE","og_type":"article","og_title":"F\u00eate du FabLab - Communaut\u00e9 de communes du Quercy Rouergue et des Gorges de l&#039;Aveyron","og_description":"Un \u00e9v\u00e9nement inoubliable vous attend \u00e0 La Fabrique Caylus La f\u00eate du FabLab A la d\u00e9couverte de la Fabrique &#8211; Entr\u00e9e gratuite samedi 12 octobre De 14h \u00e0 19h Au programme A la d\u00e9couverte de La Fabrique\u00a0 Visite et d\u00e9monstration D\u00e9couvrez le fablab et ses machines ! L\u2019\u00e9quipe vous fera visiter le site et proposera [&hellip;]","og_url":"https:\/\/cc-qrga.fr\/nl\/fete-du-fablab\/","og_site_name":"Communaut\u00e9 de communes du Quercy Rouergue et des Gorges de l&#039;Aveyron","article_published_time":"2024-09-23T09:03:35+00:00","article_modified_time":"2024-10-02T07:18:22+00:00","og_image":[{"width":1200,"height":879,"url":"https:\/\/cc-qrga.fr\/wp-content\/uploads\/2024\/09\/Fete-caylus-post.jpg","type":"image\/jpeg"}],"author":"Francis Khattou","twitter_card":"summary_large_image","twitter_misc":{"Geschreven door":"Francis Khattou","Geschatte leestijd":"3 minuten"},"schema":{"@context":"https:\/\/schema.org","@graph":[{"@type":"Article","@id":"https:\/\/cc-qrga.fr\/fete-du-fablab\/#article","isPartOf":{"@id":"https:\/\/cc-qrga.fr\/fete-du-fablab\/"},"author":{"name":"Francis Khattou","@id":"https:\/\/cc-qrga.fr\/#\/schema\/person\/5f618ab30a56d9300060ba0b7bdefb6d"},"headline":"F\u00eate du FabLab","datePublished":"2024-09-23T09:03:35+00:00","dateModified":"2024-10-02T07:18:22+00:00","mainEntityOfPage":{"@id":"https:\/\/cc-qrga.fr\/fete-du-fablab\/"},"wordCount":371,"image":{"@id":"https:\/\/cc-qrga.fr\/fete-du-fablab\/#primaryimage"},"thumbnailUrl":"https:\/\/cc-qrga.fr\/wp-content\/uploads\/2024\/09\/Fete-caylus-post.jpg","articleSection":["Actualit\u00e9s"],"inLanguage":"nl-BE"},{"@type":"WebPage","@id":"https:\/\/cc-qrga.fr\/fete-du-fablab\/","url":"https:\/\/cc-qrga.fr\/fete-du-fablab\/","name":"F\u00eate du FabLab - Communaut\u00e9 de communes du Quercy Rouergue et des Gorges de l&#039;Aveyron","isPartOf":{"@id":"https:\/\/cc-qrga.fr\/#website"},"primaryImageOfPage":{"@id":"https:\/\/cc-qrga.fr\/fete-du-fablab\/#primaryimage"},"image":{"@id":"https:\/\/cc-qrga.fr\/fete-du-fablab\/#primaryimage"},"thumbnailUrl":"https:\/\/cc-qrga.fr\/wp-content\/uploads\/2024\/09\/Fete-caylus-post.jpg","datePublished":"2024-09-23T09:03:35+00:00","dateModified":"2024-10-02T07:18:22+00:00","author":{"@id":"https:\/\/cc-qrga.fr\/#\/schema\/person\/5f618ab30a56d9300060ba0b7bdefb6d"},"breadcrumb":{"@id":"https:\/\/cc-qrga.fr\/fete-du-fablab\/#breadcrumb"},"inLanguage":"nl-BE","potentialAction":[{"@type":"ReadAction","target":["https:\/\/cc-qrga.fr\/fete-du-fablab\/"]}]},{"@type":"ImageObject","inLanguage":"nl-BE","@id":"https:\/\/cc-qrga.fr\/fete-du-fablab\/#primaryimage","url":"https:\/\/cc-qrga.fr\/wp-content\/uploads\/2024\/09\/Fete-caylus-post.jpg","contentUrl":"https:\/\/cc-qrga.fr\/wp-content\/uploads\/2024\/09\/Fete-caylus-post.jpg","width":1200,"height":879},{"@type":"BreadcrumbList","@id":"https:\/\/cc-qrga.fr\/fete-du-fablab\/#breadcrumb","itemListElement":[{"@type":"ListItem","position":1,"name":"Accueil","item":"https:\/\/cc-qrga.fr\/"},{"@type":"ListItem","position":2,"name":"F\u00eate du FabLab"}]},{"@type":"WebSite","@id":"https:\/\/cc-qrga.fr\/#website","url":"https:\/\/cc-qrga.fr\/","name":"Gemeenschap van gemeenten van Quercy Rouergue en de Gorges de l'Aveyron","description":"qrga","potentialAction":[{"@type":"SearchAction","target":{"@type":"EntryPoint","urlTemplate":"https:\/\/cc-qrga.fr\/?s={search_term_string}"},"query-input":{"@type":"PropertyValueSpecification","valueRequired":true,"valueName":"search_term_string"}}],"inLanguage":"nl-BE"},{"@type":"Person","@id":"https:\/\/cc-qrga.fr\/#\/schema\/person\/5f618ab30a56d9300060ba0b7bdefb6d","name":"Francis Khattou","image":{"@type":"ImageObject","inLanguage":"nl-BE","@id":"https:\/\/secure.gravatar.com\/avatar\/75c01a7293a6de6a7d2bd2eda123ab701d97a0ae6d66a87719d9725808597eeb?s=96&d=mm&r=g","url":"https:\/\/secure.gravatar.com\/avatar\/75c01a7293a6de6a7d2bd2eda123ab701d97a0ae6d66a87719d9725808597eeb?s=96&d=mm&r=g","contentUrl":"https:\/\/secure.gravatar.com\/avatar\/75c01a7293a6de6a7d2bd2eda123ab701d97a0ae6d66a87719d9725808597eeb?s=96&d=mm&r=g","caption":"Francis Khattou"},"url":"https:\/\/cc-qrga.fr\/nl\/author\/bapla82140\/"}]}},"views":4067,"_links":{"self":[{"href":"https:\/\/cc-qrga.fr\/nl\/wp-json\/wp\/v2\/posts\/26601","targetHints":{"allow":["GET"]}}],"collection":[{"href":"https:\/\/cc-qrga.fr\/nl\/wp-json\/wp\/v2\/posts"}],"about":[{"href":"https:\/\/cc-qrga.fr\/nl\/wp-json\/wp\/v2\/types\/post"}],"author":[{"embeddable":true,"href":"https:\/\/cc-qrga.fr\/nl\/wp-json\/wp\/v2\/users\/11"}],"replies":[{"embeddable":true,"href":"https:\/\/cc-qrga.fr\/nl\/wp-json\/wp\/v2\/comments?post=26601"}],"version-history":[{"count":0,"href":"https:\/\/cc-qrga.fr\/nl\/wp-json\/wp\/v2\/posts\/26601\/revisions"}],"wp:featuredmedia":[{"embeddable":true,"href":"https:\/\/cc-qrga.fr\/nl\/wp-json\/wp\/v2\/media\/26604"}],"wp:attachment":[{"href":"https:\/\/cc-qrga.fr\/nl\/wp-json\/wp\/v2\/media?parent=26601"}],"wp:term":[{"taxonomy":"category","embeddable":true,"href":"https:\/\/cc-qrga.fr\/nl\/wp-json\/wp\/v2\/categories?post=26601"},{"taxonomy":"post_tag","embeddable":true,"href":"https:\/\/cc-qrga.fr\/nl\/wp-json\/wp\/v2\/tags?post=26601"}],"curies":[{"name":"wp","href":"https:\/\/api.w.org\/{rel}","templated":true}]}}